{"id":97183,"date":"2023-10-24T08:42:25","date_gmt":"2023-10-24T11:42:25","guid":{"rendered":"https:\/\/corrientesdetarde.com\/?p=97183"},"modified":"2023-10-24T08:42:37","modified_gmt":"2023-10-24T11:42:37","slug":"corrientes-nuevos-precios-en-combustibles","status":"publish","type":"post","link":"https:\/\/corrientesdetarde.com\/index.php\/economia\/corrientes-nuevos-precios-en-combustibles\/","title":{"rendered":"Corrientes: Nuevos precios en combustibles"},"content":{"rendered":"\n<figure class=\"wp-block-image\"><img decoding=\"async\" src=\"https:\/\/www.diarioepoca.com\/content\/bucket\/8\/1327628w762h834c.jpg.webp\" alt=\"\"\/><figcaption>SHELL TIENE LOS IMPORTES M\u00c1S ALTOS.<\/figcaption><\/figure>\n\n\n\n<p>Pocas horas despu\u00e9s de conocerse los resultados de las elecciones presidenciales, las estaciones de servicio de la petrolera YPF avanzaron con la d\u00e9cima suba en sus productos en lo que va del a\u00f1o.<\/p>\n\n\n\n<p>Esta variaci\u00f3n, que en las expendedoras de Corrientes tuvo un porcentual promedio del 2,9, se efectiviz\u00f3 a pesar de que est\u00e1 vigente un acuerdo de precios hasta el 31 de octubre.<\/p>\n\n\n\n<p>Hay que recordar que el propio ministro de Econom\u00eda, Sergio Massa (el candidato a Presidente m\u00e1s votado en los comicios del domingo y quien ante Javier Milei dirimir\u00e1 qui\u00e9n ser\u00e1 el pr\u00f3ximo mandatario nacional, en el balotaje a celebrarse el 19 de noviembre) fue el portavoz del &#8220;congelamiento&#8221; de los hidrocarburos, anunciado pocos d\u00edas despu\u00e9s de las elecciones primarias (PASO, celebradas el 13 de agosto).<\/p>\n\n\n\n<figure class=\"wp-block-image\"><img decoding=\"async\" src=\"https:\/\/www.diarioepoca.com\/content\/bucket\/9\/1327629w380h416c.jpg.webp\" alt=\"\"\/><figcaption>PUMA. POR AHORA, LA M\u00c1S ECON\u00d3MICA.<\/figcaption><\/figure>\n\n\n\n<p>As\u00ed las cosas, la estad\u00edstica marca que a nivel local, que la S\u00faper pas\u00f3 de 292,5 a 301 pesos (=+$8,5). Premium de 369,1 a 380 pesos (=+$10,9). Di\u00e9sel 500 de 318,8 a 328 pesos (=+$9,2) y Di\u00e9sel Premium de 412,8 a 425 pesos (=+$12,2).<\/p>\n\n\n\n<p>En ese contexto, si se suman los 10 aumentos efectuados por YPF en este distrito en lo transcurrido de 2023, se puede precisar que los combustibles de la petrolera de bandera se incrementaron entre 60,2% y 76,4%.<\/p>\n\n\n\n<figure class=\"wp-block-image\"><img decoding=\"async\" src=\"https:\/\/www.diarioepoca.com\/content\/bucket\/0\/1327630w380h419c.jpg.webp\" alt=\"\"\/><figcaption>GULF ES CASI UN CALCO DE LA PIZARRA DE YPF.<\/figcaption><\/figure>\n\n\n\n<p>Esto teniendo en cuenta que el 1 de enero, un litro de S\u00faper de esa compa\u00f1\u00eda (el producto m\u00e1s vendido) sal\u00eda en la ciudad 172,7 pesos y hoy cuesta 301 pesos (+$128,3=74,1%).<\/p>\n\n\n\n<figure class=\"wp-block-image\"><img decoding=\"async\" src=\"https:\/\/www.diarioepoca.com\/content\/bucket\/1\/1327631w380h419c.jpg.webp\" alt=\"\"\/><figcaption>AXION TAMBI\u00c9N APLIC\u00d3 UNA CORRECCI\u00d3N.<\/figcaption><\/figure>\n\n\n\n<p>De la misma forma, la Premium inici\u00f3 el a\u00f1o a 213,7 pesos, su importe actual es de $380 (+$166,3=76,4%), siendo este el producto que mayor inflaci\u00f3n registr\u00f3 en 2023.<\/p>\n\n\n\n<p>En tanto, el Di\u00e9sel Premium pas\u00f3 de 265,2 a 425 pesos (+$159,8=60,2%) y el Di\u00e9sel 500 de 192,4 a 328 pesos (+$135,6=70,47%).<\/p>\n\n\n\n<figure class=\"wp-block-image\"><img decoding=\"async\" src=\"https:\/\/www.diarioepoca.com\/content\/bucket\/2\/1327632w380h419c.jpg.webp\" alt=\"\"\/><figcaption>LA S\u00daPER, EL PRODUCTO M\u00c1S VENDIDOS, LLEG\u00d3 A $301.<\/figcaption><\/figure>\n\n\n\n<p>Las dem\u00e1s compa\u00f1\u00edas que compiten por el mercado local, variaron sus importes conforme a sus estrategias de mercado. Anoche, al cierre de esta edici\u00f3n, la \u00fanica empresa que no hab\u00eda actualizado sus pizarras era Puma, manteniendo la S\u00faper a 298,4 pesos, todas las dem\u00e1s cruzaron la barrera de los 300 pesos en ese producto, el de mayor rotaci\u00f3n.<\/p>\n\n\n\n<p>Por caso, es de consignar que la estaci\u00f3n Gulf (Armenia y Ontiveros) tiene los mismos importes que las YPF (salvo en su Di\u00e9sel, que es un peso m\u00e1s caro). Shell y Axion tienen dispares pizarras, m\u00e1s all\u00e1 de que todas actualizaron.<\/p>\n","protected":false},"excerpt":{"rendered":"<p>Pocas horas despu\u00e9s de conocerse los resultados de las elecciones presidenciales, las estaciones de servicio de la petrolera YPF avanzaron con la d\u00e9cima suba en sus productos en lo que&hellip; <\/p>\n","protected":false},"author":12,"featured_media":97184,"comment_status":"closed","ping_status":"open","sticky":false,"template":"","format":"standard","meta":{"footnotes":""},"categories":[20],"tags":[],"class_list":["post-97183","post","type-post","status-publish","format-standard","has-post-thumbnail","hentry","category-economia"],"_links":{"self":[{"href":"https:\/\/corrientesdetarde.com\/index.php\/wp-json\/wp\/v2\/posts\/97183","targetHints":{"allow":["GET"]}}],"collection":[{"href":"https:\/\/corrientesdetarde.com\/index.php\/wp-json\/wp\/v2\/posts"}],"about":[{"href":"https:\/\/corrientesdetarde.com\/index.php\/wp-json\/wp\/v2\/types\/post"}],"author":[{"embeddable":true,"href":"https:\/\/corrientesdetarde.com\/index.php\/wp-json\/wp\/v2\/users\/12"}],"replies":[{"embeddable":true,"href":"https:\/\/corrientesdetarde.com\/index.php\/wp-json\/wp\/v2\/comments?post=97183"}],"version-history":[{"count":1,"href":"https:\/\/corrientesdetarde.com\/index.php\/wp-json\/wp\/v2\/posts\/97183\/revisions"}],"predecessor-version":[{"id":97185,"href":"https:\/\/corrientesdetarde.com\/index.php\/wp-json\/wp\/v2\/posts\/97183\/revisions\/97185"}],"wp:featuredmedia":[{"embeddable":true,"href":"https:\/\/corrientesdetarde.com\/index.php\/wp-json\/wp\/v2\/media\/97184"}],"wp:attachment":[{"href":"https:\/\/corrientesdetarde.com\/index.php\/wp-json\/wp\/v2\/media?parent=97183"}],"wp:term":[{"taxonomy":"category","embeddable":true,"href":"https:\/\/corrientesdetarde.com\/index.php\/wp-json\/wp\/v2\/categories?post=97183"},{"taxonomy":"post_tag","embeddable":true,"href":"https:\/\/corrientesdetarde.com\/index.php\/wp-json\/wp\/v2\/tags?post=97183"}],"curies":[{"name":"wp","href":"https:\/\/api.w.org\/{rel}","templated":true}]}}