{"id":97188,"date":"2023-10-24T08:58:26","date_gmt":"2023-10-24T11:58:26","guid":{"rendered":"https:\/\/corrientesdetarde.com\/?p=97188"},"modified":"2023-10-24T10:02:32","modified_gmt":"2023-10-24T13:02:32","slug":"caso-cecilia-definen-si-le-otorgan-la-domiciliaria-a-una-de-las-imputadas","status":"publish","type":"post","link":"https:\/\/corrientesdetarde.com\/index.php\/actualidad\/caso-cecilia-definen-si-le-otorgan-la-domiciliaria-a-una-de-las-imputadas\/","title":{"rendered":"Caso Cecilia: definen si le otorgan la domiciliaria a una de las imputadas"},"content":{"rendered":"\n<p>A cuatro meses y 21 d\u00edas del crimen de Cecilia Strzyzowski, este martes 24 de octubre la C\u00e1mara de Apelaciones en lo Criminal y Correccional de Resistencia resolver\u00e1 si Fabiana Gonz\u00e1lez, imputada por el encubrimiento agravado del femicidio, accede al beneficio de prisi\u00f3n domiciliaria. Su principal argumento es que tiene un hijo de 2 a\u00f1os al que amamantar y una madre, de 57, que padece epilepsia y que est\u00e1 a su cargo.<\/p>\n\n\n\n<p>Seg\u00fan confiaron fuentes judiciales a Infobae, la audiencia est\u00e1 pautada para las 10 y se espera la exposici\u00f3n de una psic\u00f3loga \u2014integrante del Equipo Interdisciplinario del Poder Judicial de Chaco\u2014 que, a pedido de los jueces Lorena Padov\u00e1n, Daniela Meiri\u00f1o y H\u00e9ctor Geijo, realiz\u00f3 un informe socioambiental para evaluar la situaci\u00f3n de la imputada, su hijo y su madre.<\/p>\n\n\n\n<p>Luego expondr\u00e1n los integrantes del Ministerio de P\u00fablico Fiscal y la representante de la querella de la Secretar\u00eda de Derechos Humanos y G\u00e9neros de la provincia, Nahir Barud.<\/p>\n\n\n\n<p>Desde el lunes a la noche, en la puerta de la C\u00e1mara de Apelaciones, sobre la avenida Sarmiento 330, un grupo de mujeres que se hacen llamar &#8220;Las Gaviotas de Cecilia&#8221;, y que apoyan a la madre de la v\u00edctima, Gloria Romero, convocaron a una vigilia para manifestarse en contra de la domiciliaria de Fabiana Gonz\u00e1lez y pedir &#8220;Justicia&#8221;. Como se ve en el video que sigue a continuaci\u00f3n, encendieron velas, colgaron una bandera y cintas rosas, el color favorito de la joven de 28 a\u00f1os asesinada por el clan Sena.<\/p>\n\n\n\n<p>En comunicaci\u00f3n con Infobae, la mam\u00e1 de Cecilia, que se encuentra de viaje y fuera de la provincia, explic\u00f3 que hace unos d\u00edas mantuvo una reuni\u00f3n virtual con los jueces y que les manifest\u00f3 su desacuerdo acerca de la posibilidad de que la imputada fuera beneficiada con el arresto domiciliario. &#8220;Esa mujer est\u00e1 usando a su hijo como escudo, como hacen todos los piqueteros. Ese chico es un medio para llegar a un fin&#8221;, dijo Gloria.<\/p>\n\n\n\n<p>Sobre lo que podr\u00eda suceder este martes, fuentes con acceso al expediente confiaron a este medio que &#8220;es raro que no se le otorgue domiciliaria a una mujer, m\u00e1s a\u00fan si tiene un hijo menor&#8221;. De ser as\u00ed, Fabiana Gonz\u00e1lez obtendr\u00eda el beneficio del arresto con un dispositivo de monitoreo. Sin embargo, un informe socioambiental previo revel\u00f3 que su vivienda no est\u00e1 en condiciones de instalarse dicho dispositivo &#8220;porque est\u00e1 colgada de la red el\u00e9ctrica y necesita que la conexi\u00f3n no sea clandestina&#8221;.<\/p>\n\n\n\n<p>En septiembre pasado, el Equipo Fiscal Especial (EFE) ya le hab\u00eda denegado la domiciliaria a Fabiana Gonz\u00e1lez. En ese momento, los fiscales, Jorge C\u00e1ceres Olivera, Nelia Vel\u00e1zquez y Jorge G\u00f3mez, sostuvieron que &#8220;podr\u00eda conllevar un gran impacto social, que afectar\u00eda directamente en la vida del ni\u00f1o, debi\u00e9ndose evitar cualquier situaci\u00f3n que implique riesgo para el mismo&#8221;. Tambi\u00e9n alegaron que la madre de la imputada &#8220;podr\u00eda desenvolverse de manera independiente, pudiendo requerir, en caso de corresponder, asistencia y colaboraci\u00f3n a la L\u00ednea 108\u2033.<\/p>\n\n\n\n<p>Para los defensores, seg\u00fan detallaron en el recurso de apelaci\u00f3n, &#8220;tales argumentos, al margen de ser infundados, falaces y carentes de an\u00e1lisis con respecto a los elementos de la causa, resultan ser claramente arbitrarios&#8221;.<\/p>\n\n\n\n<p>Y agregaron: &#8220;Entendemos que la situaci\u00f3n de Fabiana Gonz\u00e1lez se encuentra perfectamente contemplada en la norma de ejecuci\u00f3n penal y en el C\u00f3digo Penal que en su Art\u00edculo N\u00b0 10 Inciso \u2018F\u2019 establece que: \u2018Podr\u00e1n, a criterio del Juez competente, cumplir la pena de reclusi\u00f3n o prisi\u00f3n en detenci\u00f3n domiciliaria la madre de un ni\u00f1o menor de cinco a\u00f1os o de una persona con discapacidad a su cargo\u2019&#8221;.<\/p>\n","protected":false},"excerpt":{"rendered":"<p>A cuatro meses y 21 d\u00edas del crimen de Cecilia Strzyzowski, este martes 24 de octubre la C\u00e1mara de Apelaciones en lo Criminal y Correccional de Resistencia resolver\u00e1 si Fabiana&hellip; <\/p>\n","protected":false},"author":12,"featured_media":97190,"comment_status":"closed","ping_status":"open","sticky":false,"template":"","format":"standard","meta":{"footnotes":""},"categories":[23,33],"tags":[],"class_list":["post-97188","post","type-post","status-publish","format-standard","has-post-thumbnail","hentry","category-actualidad","category-policiales"],"_links":{"self":[{"href":"https:\/\/corrientesdetarde.com\/index.php\/wp-json\/wp\/v2\/posts\/97188","targetHints":{"allow":["GET"]}}],"collection":[{"href":"https:\/\/corrientesdetarde.com\/index.php\/wp-json\/wp\/v2\/posts"}],"about":[{"href":"https:\/\/corrientesdetarde.com\/index.php\/wp-json\/wp\/v2\/types\/post"}],"author":[{"embeddable":true,"href":"https:\/\/corrientesdetarde.com\/index.php\/wp-json\/wp\/v2\/users\/12"}],"replies":[{"embeddable":true,"href":"https:\/\/corrientesdetarde.com\/index.php\/wp-json\/wp\/v2\/comments?post=97188"}],"version-history":[{"count":1,"href":"https:\/\/corrientesdetarde.com\/index.php\/wp-json\/wp\/v2\/posts\/97188\/revisions"}],"predecessor-version":[{"id":97191,"href":"https:\/\/corrientesdetarde.com\/index.php\/wp-json\/wp\/v2\/posts\/97188\/revisions\/97191"}],"wp:featuredmedia":[{"embeddable":true,"href":"https:\/\/corrientesdetarde.com\/index.php\/wp-json\/wp\/v2\/media\/97190"}],"wp:attachment":[{"href":"https:\/\/corrientesdetarde.com\/index.php\/wp-json\/wp\/v2\/media?parent=97188"}],"wp:term":[{"taxonomy":"category","embeddable":true,"href":"https:\/\/corrientesdetarde.com\/index.php\/wp-json\/wp\/v2\/categories?post=97188"},{"taxonomy":"post_tag","embeddable":true,"href":"https:\/\/corrientesdetarde.com\/index.php\/wp-json\/wp\/v2\/tags?post=97188"}],"curies":[{"name":"wp","href":"https:\/\/api.w.org\/{rel}","templated":true}]}}