{"id":97189,"date":"2023-10-24T09:00:31","date_gmt":"2023-10-24T12:00:31","guid":{"rendered":"https:\/\/corrientesdetarde.com\/?p=97189"},"modified":"2023-10-24T09:00:43","modified_gmt":"2023-10-24T12:00:43","slug":"exconvicto-ataco-a-un-policia-por-frustrar-un-intento-de-robo","status":"publish","type":"post","link":"https:\/\/corrientesdetarde.com\/index.php\/policiales\/exconvicto-ataco-a-un-policia-por-frustrar-un-intento-de-robo\/","title":{"rendered":"Exconvicto atac\u00f3 a un polic\u00eda por frustrar un intento de robo"},"content":{"rendered":"\n<p>La Polic\u00eda detuvo a un maleante que ingres\u00f3 con fines de robo a una vivienda del barrio Galv\u00e1n de la ciudad de Corrientes y armado con un destornillador lanz\u00f3 varios puntazos hacia la humanidad de un cabo, a quien su chaleco antibalas protegi\u00f3 de sufrir heridas graves.<\/p>\n\n\n\n<p>El malhechor identificado como Nicol\u00e1s Gabriel V., de 28 a\u00f1os, es un exconvicto que purg\u00f3 condena en la Unidad Penal N\u00famero 1, seg\u00fan informaron a \u00e9poca fuentes policiales.<\/p>\n\n\n\n<p>Todo sucedi\u00f3 alrededor de las 11 del domingo en calle El\u00edas Abad al 2700 en inmediaciones al cementerio Israelita.<\/p>\n\n\n\n<p>En una motocicleta circulaban el cabo Hugo G. y el sargento primero Hugo E., ambos del Grupo de Intervenci\u00f3n R\u00e1pida (GIR).<\/p>\n\n\n\n<p>Los polic\u00edas vieron a lo lejos c\u00f3mo un hombre saltaba las rejas de una vivienda desde el patio delantero hacia la vereda.<\/p>\n\n\n\n<p>Esa situaci\u00f3n llam\u00f3 mucho la atenci\u00f3n y decidieron acercarse al sospechoso.<\/p>\n\n\n\n<p>En el momento de ser alcanzado Nicol\u00e1s V. dijo que esa era su casa, pero cuando le pidieron que muestre el documento de identidad comenz\u00f3 a evidenciar nerviosismo, mientras ten\u00eda las manos sobre la espalda.<\/p>\n\n\n\n<p>De repente la situaci\u00f3n pas\u00f3 a tornarse peligrosa porque el hombre se neg\u00f3 a mostrar las manos. Y en el momento que ambos efectivos decidieron demorarlo se produjo el incidente.<\/p>\n\n\n\n<p>El presunto ladr\u00f3n quiso escapar corriendo, luego gir\u00f3 sobre sus pasos y con un destornillador lanz\u00f3 puntazos de forma reiterada hacia la humanidad del cabo Hugo G.<\/p>\n\n\n\n<p>La punta del objeto met\u00e1lico impact\u00f3 en el chaleco del suboficial, quien junto a su compa\u00f1ero finalmente pudieron reducir al exconvicto sin que el episodio culmine con alguno de ellos lesionado de gravedad.<\/p>\n\n\n\n<p>Seg\u00fan lo informado ayer desde la instituci\u00f3n de seguridad, el polic\u00eda blanco de la agresi\u00f3n apenas result\u00f3 con un rasgu\u00f1o.<\/p>\n\n\n\n<p>Por una raz\u00f3n de jurisdicci\u00f3n, el detenido fue llevado a la Comisar\u00eda Segunda.<\/p>\n\n\n\n<figure class=\"wp-block-image\"><img decoding=\"async\" src=\"https:\/\/www.diarioepoca.com\/content\/bucket\/2\/1327662w380h392c.jpg.webp\" alt=\"\"\/><figcaption>ANTES ESTUVO SOSPECHADO DE GOLPEAR A UNA MUJER.<\/figcaption><\/figure>\n\n\n\n<p>Nicol\u00e1s V. cuenta con frondoso prontuario ligado a robos y hurtos. Ante uno de esos delitos cumpli\u00f3 una condena en la Unidad Penitenciaria 1.<\/p>\n\n\n\n<p>El mi\u00e9rcoles 13 de septiembre el nombre de tal persona circul\u00f3 entre los sospechosos de cometer un intento de arrebato contra una mujer que result\u00f3 lastimada a golpes de hierro.<\/p>\n\n\n\n<p>Aquel suceso se produjo alrededor de las 7:30, en una parada de colectivos de calle El\u00edas Abad al 2400 donde la v\u00edctima fue sorprendida por un delincuente que pretend\u00eda sustraer una cartera y un tel\u00e9fono celular.<\/p>\n","protected":false},"excerpt":{"rendered":"<p>La Polic\u00eda detuvo a un maleante que ingres\u00f3 con fines de robo a una vivienda del barrio Galv\u00e1n de la ciudad de Corrientes y armado con un destornillador lanz\u00f3 varios&hellip; <\/p>\n","protected":false},"author":12,"featured_media":97192,"comment_status":"closed","ping_status":"open","sticky":false,"template":"","format":"standard","meta":{"footnotes":""},"categories":[33],"tags":[],"class_list":["post-97189","post","type-post","status-publish","format-standard","has-post-thumbnail","hentry","category-policiales"],"_links":{"self":[{"href":"https:\/\/corrientesdetarde.com\/index.php\/wp-json\/wp\/v2\/posts\/97189","targetHints":{"allow":["GET"]}}],"collection":[{"href":"https:\/\/corrientesdetarde.com\/index.php\/wp-json\/wp\/v2\/posts"}],"about":[{"href":"https:\/\/corrientesdetarde.com\/index.php\/wp-json\/wp\/v2\/types\/post"}],"author":[{"embeddable":true,"href":"https:\/\/corrientesdetarde.com\/index.php\/wp-json\/wp\/v2\/users\/12"}],"replies":[{"embeddable":true,"href":"https:\/\/corrientesdetarde.com\/index.php\/wp-json\/wp\/v2\/comments?post=97189"}],"version-history":[{"count":1,"href":"https:\/\/corrientesdetarde.com\/index.php\/wp-json\/wp\/v2\/posts\/97189\/revisions"}],"predecessor-version":[{"id":97193,"href":"https:\/\/corrientesdetarde.com\/index.php\/wp-json\/wp\/v2\/posts\/97189\/revisions\/97193"}],"wp:featuredmedia":[{"embeddable":true,"href":"https:\/\/corrientesdetarde.com\/index.php\/wp-json\/wp\/v2\/media\/97192"}],"wp:attachment":[{"href":"https:\/\/corrientesdetarde.com\/index.php\/wp-json\/wp\/v2\/media?parent=97189"}],"wp:term":[{"taxonomy":"category","embeddable":true,"href":"https:\/\/corrientesdetarde.com\/index.php\/wp-json\/wp\/v2\/categories?post=97189"},{"taxonomy":"post_tag","embeddable":true,"href":"https:\/\/corrientesdetarde.com\/index.php\/wp-json\/wp\/v2\/tags?post=97189"}],"curies":[{"name":"wp","href":"https:\/\/api.w.org\/{rel}","templated":true}]}}