{"id":97202,"date":"2023-10-24T09:37:56","date_gmt":"2023-10-24T12:37:56","guid":{"rendered":"https:\/\/corrientesdetarde.com\/?p=97202"},"modified":"2023-10-24T09:38:08","modified_gmt":"2023-10-24T12:38:08","slug":"murio-ricardo-iorio","status":"publish","type":"post","link":"https:\/\/corrientesdetarde.com\/index.php\/actualidad\/murio-ricardo-iorio\/","title":{"rendered":"Muri\u00f3 Ricardo Iorio"},"content":{"rendered":"\n<p>El mundo del rock se encuentra consternado tras conocer la muerte de\u00a0<strong>Ricardo Iorio,\u00a0<\/strong>el popular m\u00fasico que viv\u00eda desde hace varios a\u00f1os en la localidad bonaerense de\u00a0<strong>Coronel Su\u00e1rez,<\/strong>\u00a0y quien\u00a0<strong>pereci\u00f3<\/strong>\u00a0este martes por la ma\u00f1anaa los 61 a\u00f1os a causa de un infarto.<\/p>\n\n\n\n<p>La triste\u00a0<strong>noticia<\/strong>\u00a0fue confirmada por\u00a0su abogado en\u00a0<strong>Bah\u00eda Blanca, Juan Ignacio Vitalini,<\/strong>\u00a0quien lo asisti\u00f3 en diferentes causas penales que tramitaban en\u00a0<strong>Bah\u00eda Blanca,<\/strong>\u00a0se comunic\u00f3 con su pareja, la cual le confirm\u00f3 el dato.<a href=\"https:\/\/www.cronica.com.ar\/sociedad\/Murio-Jaquelin-Carrieri-ex-reina-de-la-vendimia-despues-de-una-complicacion-por-una-cirugia-estetica-20231004-0106.html\"><\/a><\/p>\n\n\n\n<p>Seg\u00fan se pudo saber,<strong>&nbsp;Iorio muri\u00f3 camino al hospital de Coronel Su\u00e1rez,<\/strong>&nbsp;m\u00e1s all\u00e1 de los intentos de reanimarlo.<\/p>\n\n\n\n<p>Iorio fue m\u00fasico&nbsp;y&nbsp;productor&nbsp;argentino, conocido por ser el fundador de algunas de las bandas m\u00e1s importantes del rock argentino, entre ellas<strong>&nbsp;V8,&nbsp;Herm\u00e9tica&nbsp;y&nbsp;Almafuerte.<\/strong>&nbsp;Fue&nbsp;<strong>uno de los referentes y principales impulsores heavy metal argentino.<\/strong><\/p>\n\n\n\n<h2 class=\"wp-block-heading\"><strong>Ricardo Iorio: una vida &#8220;metalera&#8221;<\/strong><\/h2>\n\n\n\n<p>Comenz\u00f3 su carrera musical como bajista&nbsp;de V8, grupo que fund\u00f3 con&nbsp;<strong>Ricardo &#8220;<em>Chofa&#8221;<\/em>&nbsp;Moreno.<\/strong>&nbsp;Luego de publicar tres&nbsp;\u00e1lbumes&nbsp;y de algunos cambios de integrantes,&nbsp;<strong>se separaron en 1987.<\/strong><\/p>\n\n\n\n<p>En 1988, Ricardo Iorio form\u00f3 Herm\u00e9tica, en donde adem\u00e1s de ser el bajista,<strong>&nbsp;pas\u00f3 a ser el principal compositor musical y exclusivo compositor de las letras,<\/strong>&nbsp;adem\u00e1s de cantar en forma ocasional.&nbsp;Luego del auge de la banda en 1994,&nbsp;<strong>\u00e9sta se separa.<\/strong><\/p>\n\n\n\n<figure class=\"wp-block-image\"><img decoding=\"async\" src=\"https:\/\/www.cronica.com.ar\/export\/sites\/cronica\/img\/2023\/10\/24\/iorio.png_1461360396.png\" alt=\"\" title=\"\"\/><figcaption>Ricardo Iorio form\u00f3 Herm\u00e9tica en 1988 (Archivo).<\/figcaption><\/figure>\n\n\n\n<p>A principios de 1995 form\u00f3 Almafuerte, en donde se estableci\u00f3 como cantante y bajista. Abandonar\u00eda el bajo en el 2002<strong>&nbsp;y en el a\u00f1o 2016 anuncia la disoluci\u00f3n de Almafuerte.<\/strong><\/p>\n\n\n\n<p>Su carrera consta de diecisiete \u00e1lbumes de estudio, diversos&nbsp;\u00e1lbumes en vivo&nbsp;y numerosas participaciones con artistas comoa&nbsp;<strong>Pappo,&nbsp;Le\u00f3n Gieco,&nbsp;Claudio Marciello&nbsp;<\/strong>o&nbsp;<strong>Flavio Cianciarulo, entre otros.<\/strong><\/p>\n","protected":false},"excerpt":{"rendered":"<p>El mundo del rock se encuentra consternado tras conocer la muerte de\u00a0Ricardo Iorio,\u00a0el popular m\u00fasico que viv\u00eda desde hace varios a\u00f1os en la localidad bonaerense de\u00a0Coronel Su\u00e1rez,\u00a0y quien\u00a0pereci\u00f3\u00a0este martes por&hellip; <\/p>\n","protected":false},"author":12,"featured_media":97205,"comment_status":"closed","ping_status":"open","sticky":false,"template":"","format":"standard","meta":{"footnotes":""},"categories":[23],"tags":[],"class_list":["post-97202","post","type-post","status-publish","format-standard","has-post-thumbnail","hentry","category-actualidad"],"_links":{"self":[{"href":"https:\/\/corrientesdetarde.com\/index.php\/wp-json\/wp\/v2\/posts\/97202","targetHints":{"allow":["GET"]}}],"collection":[{"href":"https:\/\/corrientesdetarde.com\/index.php\/wp-json\/wp\/v2\/posts"}],"about":[{"href":"https:\/\/corrientesdetarde.com\/index.php\/wp-json\/wp\/v2\/types\/post"}],"author":[{"embeddable":true,"href":"https:\/\/corrientesdetarde.com\/index.php\/wp-json\/wp\/v2\/users\/12"}],"replies":[{"embeddable":true,"href":"https:\/\/corrientesdetarde.com\/index.php\/wp-json\/wp\/v2\/comments?post=97202"}],"version-history":[{"count":1,"href":"https:\/\/corrientesdetarde.com\/index.php\/wp-json\/wp\/v2\/posts\/97202\/revisions"}],"predecessor-version":[{"id":97206,"href":"https:\/\/corrientesdetarde.com\/index.php\/wp-json\/wp\/v2\/posts\/97202\/revisions\/97206"}],"wp:featuredmedia":[{"embeddable":true,"href":"https:\/\/corrientesdetarde.com\/index.php\/wp-json\/wp\/v2\/media\/97205"}],"wp:attachment":[{"href":"https:\/\/corrientesdetarde.com\/index.php\/wp-json\/wp\/v2\/media?parent=97202"}],"wp:term":[{"taxonomy":"category","embeddable":true,"href":"https:\/\/corrientesdetarde.com\/index.php\/wp-json\/wp\/v2\/categories?post=97202"},{"taxonomy":"post_tag","embeddable":true,"href":"https:\/\/corrientesdetarde.com\/index.php\/wp-json\/wp\/v2\/tags?post=97202"}],"curies":[{"name":"wp","href":"https:\/\/api.w.org\/{rel}","templated":true}]}}