{"id":97203,"date":"2023-10-24T09:48:41","date_gmt":"2023-10-24T12:48:41","guid":{"rendered":"https:\/\/corrientesdetarde.com\/?p=97203"},"modified":"2023-10-24T09:48:52","modified_gmt":"2023-10-24T12:48:52","slug":"una-mujer-discutio-con-su-pareja-y-echo-de-su-casa-a-sus-hijos-de-9-6-y-1-ano-durante-la-madrugada","status":"publish","type":"post","link":"https:\/\/corrientesdetarde.com\/index.php\/policiales\/una-mujer-discutio-con-su-pareja-y-echo-de-su-casa-a-sus-hijos-de-9-6-y-1-ano-durante-la-madrugada\/","title":{"rendered":"Una mujer discuti\u00f3 con su pareja y ech\u00f3 de su casa a sus hijos de 9, 6 y 1 a\u00f1o durante la madrugada"},"content":{"rendered":"\n<p>Una mujer\u00a0<strong>discuti\u00f3 con su pareja y\u00a0ech\u00f3 de la casa a sus hijos\u00a0de 9, 6 y 1 a\u00f1o y tres meses durante la madrugada.<\/strong>\u00a0Los menores permanecen a resguardo de la Justicia.<\/p>\n\n\n\n<p>El dram\u00e1tico episodio ocurri\u00f3 este domingo en el barrio Villa Aurora, de la localidad de Fern\u00e1ndez,\u00a0Santiago del Estero.\u00a0Fue la t\u00eda de los chiquitos quien realiz\u00f3 la\u00a0<strong>denuncia\u00a0<\/strong>luego de que ellos llegaron hasta su casa.<\/p>\n\n\n\n<p>De acuerdo a lo informado por los medios locales, Sonia, una mujer de 36 a\u00f1os, se present\u00f3 en la Comisar\u00eda N\u00ba13 del Menor y la Mujer con un beb\u00e9 en brazos y explic\u00f3 que era hijo de su hermana.<\/p>\n\n\n\n<p>En su relato detall\u00f3 que cerca de las 4.30 fue despertada por golpes en su puerta y que cuando abri\u00f3<strong>&nbsp;se encontr\u00f3 a sus dos sobrinos, de 9 y 6 a\u00f1os, junto al beb\u00e9, pero sin ning\u00fan adulto.<\/strong><\/p>\n\n\n\n<p>En tal sentido, sostuvo que el mayor le cont\u00f3 que su mam\u00e1, Ver\u00f3nica,&nbsp;<strong>hab\u00eda discutido con su pareja y que los gritos hab\u00edan asustado al beb\u00e9,&nbsp;<\/strong>lo que gener\u00f3 que \u00e9l mismo le pidiera que lo alzara para calmarlo.<\/p>\n\n\n\n<figure class=\"wp-block-image\"><img decoding=\"async\" src=\"https:\/\/tn.com.ar\/resizer\/EXJDQMnq2R_0y60LCvyON4C2Q8c=\/767x0\/smart\/filters:format(webp)\/cloudfront-us-east-1.images.arcpublishing.com\/artear\/5TQ45TETEJDGNMKW7JQTIKJUQQ.jpg\" alt=\"Los menores quedaron a disposici\u00f3n de la justicia. (Foto: T\u00e9lam)\"\/><figcaption>Los menores quedaron a disposici\u00f3n de la justicia. (Foto: T\u00e9lam)<\/figcaption><\/figure>\n\n\n\n<p>Sin embargo, lejos de ello, la mujer&nbsp;<strong>le orden\u00f3 que se fuera de la casa y se llevara al peque\u00f1o y a su otro hermano<\/strong>&nbsp;porque no quer\u00eda encargarse de ellos.<\/p>\n\n\n\n<p>Como el m\u00e1s chiquito no dejaba de llorar, el nene busc\u00f3 ayuda con su t\u00eda, quien le inform\u00f3 a la Polic\u00eda que cuid\u00f3 de sus sobrinos durante la madrugada, pero que no ten\u00eda los recursos para seguir haci\u00e9ndolo.<\/p>\n\n\n\n<p>Tambi\u00e9n explic\u00f3 que intent\u00f3 regresar a la casa de su hermana para devolver a los ni\u00f1os, pero esta<strong>\u00a0se neg\u00f3 a recibirlos<\/strong>, al igual que la familia paterna de ellos. Asimismo, se\u00f1al\u00f3 que esta\u00a0<strong>no era la primera vez que su hermana maltrataba y abandonaba a sus hijos.<\/strong><\/p>\n\n\n\n<p>Tras realizar la denuncia, la mujer entreg\u00f3 al beb\u00e9 a las autoridades para que se hicieran cargo. Mar\u00eda del Pilar Gallo, titular de la Unidad Fiscal de Violencia de G\u00e9nero e Intrafamiliar de La Banda, se encuentra a cargo del caso. La misma se comunic\u00f3 con las autoridades de la DINAF para brindar asistencia a los nenes que se encontraban en una situaci\u00f3n de vulnerabilidad.<\/p>\n\n\n\n<p>Un equipo interdisciplinario, por su parte, viaj\u00f3 a Fern\u00e1ndez y se entrevist\u00f3 con Sonia, quien se har\u00e1 cargo de los menores durante las pr\u00f3ximas 48 horas, mientras la Justicia investiga la situaci\u00f3n de la madre. La misma ser\u00e1 entrevistada para determinar si fue v\u00edctima de violencia de g\u00e9nero.<\/p>\n\n\n\n<p>En el lugar se lev\u00f3 a cabo un relevamiento vecinal y se solicit\u00f3 que los ni\u00f1os sean evaluados por un m\u00e9dico de Sanidad. No se descartan posibles medidas adicionales con la madre de los chicos y la pareja.<\/p>\n","protected":false},"excerpt":{"rendered":"<p>Una mujer\u00a0discuti\u00f3 con su pareja y\u00a0ech\u00f3 de la casa a sus hijos\u00a0de 9, 6 y 1 a\u00f1o y tres meses durante la madrugada.\u00a0Los menores permanecen a resguardo de la Justicia.&hellip; <\/p>\n","protected":false},"author":12,"featured_media":97216,"comment_status":"closed","ping_status":"open","sticky":false,"template":"","format":"standard","meta":{"footnotes":""},"categories":[33],"tags":[],"class_list":["post-97203","post","type-post","status-publish","format-standard","has-post-thumbnail","hentry","category-policiales"],"_links":{"self":[{"href":"https:\/\/corrientesdetarde.com\/index.php\/wp-json\/wp\/v2\/posts\/97203","targetHints":{"allow":["GET"]}}],"collection":[{"href":"https:\/\/corrientesdetarde.com\/index.php\/wp-json\/wp\/v2\/posts"}],"about":[{"href":"https:\/\/corrientesdetarde.com\/index.php\/wp-json\/wp\/v2\/types\/post"}],"author":[{"embeddable":true,"href":"https:\/\/corrientesdetarde.com\/index.php\/wp-json\/wp\/v2\/users\/12"}],"replies":[{"embeddable":true,"href":"https:\/\/corrientesdetarde.com\/index.php\/wp-json\/wp\/v2\/comments?post=97203"}],"version-history":[{"count":1,"href":"https:\/\/corrientesdetarde.com\/index.php\/wp-json\/wp\/v2\/posts\/97203\/revisions"}],"predecessor-version":[{"id":97217,"href":"https:\/\/corrientesdetarde.com\/index.php\/wp-json\/wp\/v2\/posts\/97203\/revisions\/97217"}],"wp:featuredmedia":[{"embeddable":true,"href":"https:\/\/corrientesdetarde.com\/index.php\/wp-json\/wp\/v2\/media\/97216"}],"wp:attachment":[{"href":"https:\/\/corrientesdetarde.com\/index.php\/wp-json\/wp\/v2\/media?parent=97203"}],"wp:term":[{"taxonomy":"category","embeddable":true,"href":"https:\/\/corrientesdetarde.com\/index.php\/wp-json\/wp\/v2\/categories?post=97203"},{"taxonomy":"post_tag","embeddable":true,"href":"https:\/\/corrientesdetarde.com\/index.php\/wp-json\/wp\/v2\/tags?post=97203"}],"curies":[{"name":"wp","href":"https:\/\/api.w.org\/{rel}","templated":true}]}}