{"id":97218,"date":"2023-10-24T10:24:03","date_gmt":"2023-10-24T13:24:03","guid":{"rendered":"https:\/\/corrientesdetarde.com\/?p=97218"},"modified":"2023-10-24T11:56:28","modified_gmt":"2023-10-24T14:56:28","slug":"tarjeta-alimentar-anses-cuanto-cobraran-en-noviembre-con-aumento","status":"publish","type":"post","link":"https:\/\/corrientesdetarde.com\/index.php\/informacion-general\/tarjeta-alimentar-anses-cuanto-cobraran-en-noviembre-con-aumento\/","title":{"rendered":"Tarjeta Alimentar ANSES: cu\u00e1nto cobrar\u00e1n en noviembre con aumento"},"content":{"rendered":"\n<p>En noviembre, los titulares de la&nbsp;<strong>Tarjeta Alimentar<\/strong> percibir\u00e1n un&nbsp;<strong>aumento del 30%<\/strong>,&nbsp;oficializado por el Ministerio de Desarrollo Social. Las familias beneficiadas pasan a cobrar de $17.000 a&nbsp;<strong>$22.000<\/strong>&nbsp;para acceder a productos de la&nbsp;<strong>canasta b\u00e1sica<\/strong>. La \u00faltima actualizaci\u00f3n de la prestaci\u00f3n fue en mayo pasado.<\/p>\n\n\n\n<p>La<strong>&nbsp;Prestaci\u00f3n Alimentar<\/strong>&nbsp;est\u00e1 destinado a los beneficiarios de&nbsp;<strong>ANSES<\/strong>&nbsp;que cobran los titulares de Pensiones No Contributivas (PNC) por madres con 7 hijos o m\u00e1s; de la Asignaci\u00f3n Universal por Hijo (AUH) y de la Asignaci\u00f3n Universal por Embarazo (AUE). La implementaci\u00f3n es autom\u00e1tica por lo que no hace falta realizar&nbsp;<strong>ning\u00fan tr\u00e1mite<\/strong>.<\/p>\n\n\n\n<p>Desde noviembre, el monto m\u00e1ximo pasa de $34.000 a&nbsp;<strong>$45.500&nbsp;<\/strong>mensuales para aquellas<strong>&nbsp;familias con tres hijos&nbsp;<\/strong>de hasta 14 a\u00f1os.<\/p>\n\n\n\n<h2 class=\"wp-block-heading\">Aumento en la Tarjeta Alimentar: los nuevos montos desde noviembre 2023<\/h2>\n\n\n\n<p>En noviembre, los titulares de la&nbsp;<strong>Tarjeta Alimentar<\/strong>&nbsp;pasar\u00e1n a cobrar, con el aumento del 30%, de $17.000 a&nbsp;<strong>$22.000 en noviembre<\/strong>.<\/p>\n\n\n\n<ul class=\"wp-block-list\"><li>Familias con un&nbsp;<strong>solo hijo de 0 a 14 a\u00f1os<\/strong>, titulares de la AUH:<strong>&nbsp;$22.000<\/strong>.<\/li><li>Familias con&nbsp;<strong>dos hijos de 0 a 14 a\u00f1os<\/strong>, titulares de la AUH:&nbsp;<strong>$34.500<\/strong>.<\/li><li>Familias con&nbsp;<strong>tres hijos de 0 a 14 a\u00f1os<\/strong>, titulares de la AUH:&nbsp;<strong>$45.500<\/strong>.<\/li><li>Titulares de la Asignaci\u00f3n&nbsp;<strong>por Embarazo<\/strong>:&nbsp;<strong>$22.000<\/strong>.<\/li><\/ul>\n\n\n\n<figure class=\"wp-block-image\"><img decoding=\"async\" src=\"https:\/\/tn.com.ar\/resizer\/9ISxYjRkOCYuXItkHIv1pnhAHgA=\/767x0\/smart\/filters:format(webp)\/cloudfront-us-east-1.images.arcpublishing.com\/artear\/KVCPU2747ZAV3PXHXMILF7HUZM.jpg\" alt=\"Las familias beneficiadas cobrar\u00e1n $22.000 en noviembre para acceder a productos de la canasta b\u00e1sica  (Foto: ANSES)\"\/><figcaption>Las familias beneficiadas cobrar\u00e1n $22.000 en noviembre para acceder a productos de la canasta b\u00e1sica (Foto: ANSES)<\/figcaption><\/figure>\n\n\n\n<h2 class=\"wp-block-heading\">Tarjeta Alimentar: \u00bfes compatible con la devoluci\u00f3n del IVA?<\/h2>\n\n\n\n<p>La&nbsp;<strong>Tarjeta Alimentar&nbsp;<\/strong>es&nbsp;<strong>compatible<\/strong>&nbsp;con el programa&nbsp;<strong>Compre sin IVA<\/strong>, que reintegra el 21% en la adquisici\u00f3n de productos de la canasta b\u00e1sica.<\/p>\n\n\n\n<p>El&nbsp;<strong>reintegro<\/strong>, que tiene un tope mensual de $18.800, se&nbsp;<strong>acredita<\/strong>&nbsp;de&nbsp;<strong>forma autom\u00e1tica<\/strong>&nbsp;en la&nbsp;<strong>cuenta bancaria<\/strong>&nbsp;donde el beneficiario percibe sus&nbsp;<strong>ingresos<\/strong>,&nbsp;<strong>asignaci\u00f3n<\/strong>,&nbsp;<strong>pensi\u00f3n<\/strong>&nbsp;o&nbsp;<strong>jubilaci\u00f3n<\/strong>.<\/p>\n\n\n\n<p>La devoluci\u00f3n&nbsp;<strong>puede tardar hasta 48 horas<\/strong>&nbsp;despu\u00e9s de la compra.<\/p>\n\n\n\n<h2 class=\"wp-block-heading\">Tarjeta Alimentar ANSES: por qu\u00e9 me suspendieron el beneficio<\/h2>\n\n\n\n<p>El&nbsp;<strong>requisito fundamental&nbsp;<\/strong>para recibir la Prestaci\u00f3n Alimentar es cumplir los l\u00edmites de edad establecidos por el Ministerio de Desarrollo Social.<\/p>\n\n\n\n<p>La&nbsp;<strong>Tarjeta Alimentar<\/strong>&nbsp;est\u00e1 dirigida para aquellos padres o madres con<strong>&nbsp;hijos de<\/strong>&nbsp;<strong>hasta 14 a\u00f1os&nbsp;<\/strong>y 364 d\u00edas. Es decir, que al cumplir los 15 se dejar\u00e1 de percibir el beneficio.<\/p>\n\n\n\n<figure class=\"wp-block-image\"><img decoding=\"async\" src=\"https:\/\/tn.com.ar\/resizer\/FfmU4b6yZljBvTgqyjyBy5dXAB4=\/767x0\/smart\/filters:format(webp)\/cloudfront-us-east-1.images.arcpublishing.com\/artear\/CRWJ5TLUI5A3BJQYT7FRHORSOA.jpg\" alt=\"La Tarjeta Alimentar est\u00e1 dirigida para aquellos padres o madres con hijos de hasta 14 a\u00f1os y 364 d\u00edas. (Foto: gentileza Infozona)\"\/><figcaption>La Tarjeta Alimentar est\u00e1 dirigida para aquellos padres o madres con hijos de hasta 14 a\u00f1os y 364 d\u00edas. (Foto: gentileza Infozona)<\/figcaption><\/figure>\n\n\n\n<h2 class=\"wp-block-heading\">Qui\u00e9nes pueden acceder a la Tarjeta Alimentar<\/h2>\n\n\n\n<ul class=\"wp-block-list\"><li><strong>Adultos que cobren la AUH&nbsp;<\/strong>con hijos\/as de hasta 14 a\u00f1os inclusive.<\/li><li><strong>Embarazadas&nbsp;<\/strong>(a partir de los 3 meses) que cobren la Asignaci\u00f3n por Embarazo.<\/li><li><strong>Personas con hijos con discapacidad&nbsp;<\/strong>que cobren la Asignaci\u00f3n Universal por Hija\/o, sin l\u00edmite de edad.<\/li><li><strong>Madres de 7 o m\u00e1s hijos&nbsp;<\/strong>que perciben Pensiones No Contributivas.<\/li><\/ul>\n","protected":false},"excerpt":{"rendered":"<p>En noviembre, los titulares de la&nbsp;Tarjeta Alimentar percibir\u00e1n un&nbsp;aumento del 30%,&nbsp;oficializado por el Ministerio de Desarrollo Social. Las familias beneficiadas pasan a cobrar de $17.000 a&nbsp;$22.000&nbsp;para acceder a productos de&hellip; <\/p>\n","protected":false},"author":12,"featured_media":97246,"comment_status":"closed","ping_status":"open","sticky":false,"template":"","format":"standard","meta":{"footnotes":""},"categories":[1],"tags":[],"class_list":["post-97218","post","type-post","status-publish","format-standard","has-post-thumbnail","hentry","category-informacion-general"],"_links":{"self":[{"href":"https:\/\/corrientesdetarde.com\/index.php\/wp-json\/wp\/v2\/posts\/97218","targetHints":{"allow":["GET"]}}],"collection":[{"href":"https:\/\/corrientesdetarde.com\/index.php\/wp-json\/wp\/v2\/posts"}],"about":[{"href":"https:\/\/corrientesdetarde.com\/index.php\/wp-json\/wp\/v2\/types\/post"}],"author":[{"embeddable":true,"href":"https:\/\/corrientesdetarde.com\/index.php\/wp-json\/wp\/v2\/users\/12"}],"replies":[{"embeddable":true,"href":"https:\/\/corrientesdetarde.com\/index.php\/wp-json\/wp\/v2\/comments?post=97218"}],"version-history":[{"count":2,"href":"https:\/\/corrientesdetarde.com\/index.php\/wp-json\/wp\/v2\/posts\/97218\/revisions"}],"predecessor-version":[{"id":97247,"href":"https:\/\/corrientesdetarde.com\/index.php\/wp-json\/wp\/v2\/posts\/97218\/revisions\/97247"}],"wp:featuredmedia":[{"embeddable":true,"href":"https:\/\/corrientesdetarde.com\/index.php\/wp-json\/wp\/v2\/media\/97246"}],"wp:attachment":[{"href":"https:\/\/corrientesdetarde.com\/index.php\/wp-json\/wp\/v2\/media?parent=97218"}],"wp:term":[{"taxonomy":"category","embeddable":true,"href":"https:\/\/corrientesdetarde.com\/index.php\/wp-json\/wp\/v2\/categories?post=97218"},{"taxonomy":"post_tag","embeddable":true,"href":"https:\/\/corrientesdetarde.com\/index.php\/wp-json\/wp\/v2\/tags?post=97218"}],"curies":[{"name":"wp","href":"https:\/\/api.w.org\/{rel}","templated":true}]}}