{"id":97221,"date":"2023-10-24T10:26:07","date_gmt":"2023-10-24T13:26:07","guid":{"rendered":"https:\/\/corrientesdetarde.com\/?p=97221"},"modified":"2023-10-24T11:07:39","modified_gmt":"2023-10-24T14:07:39","slug":"causa-yategate-la-justicia-le-incauto-a-sofia-clerici-casi-600-mil-dolares-en-su-casa-de-nordelta","status":"publish","type":"post","link":"https:\/\/corrientesdetarde.com\/index.php\/espectaculos\/causa-yategate-la-justicia-le-incauto-a-sofia-clerici-casi-600-mil-dolares-en-su-casa-de-nordelta\/","title":{"rendered":"Causa \u201cyategate\u201d: la Justicia le incaut\u00f3 a Sof\u00eda Clerici casi 600 mil d\u00f3lares en su casa de Nordelta"},"content":{"rendered":"\n<figure class=\"wp-block-image\"><img decoding=\"async\" src=\"https:\/\/tn.com.ar\/resizer\/bWCf-gmFBg5V4eLnf2gAFPyfKyw=\/767x0\/smart\/filters:format(webp)\/thumbs.vodgc.net\/1-14-tAAPAh1698147099869-1698147402.jpg\" alt=\"Video Placeholder\"\/><\/figure>\n\n\n\n<p>Sof\u00eda Clerici qued\u00f3 en el ojo de la tormenta por su romance con Mart\u00edn Insaurralde. (Foto: instagram\/sofiaclericiok)<\/p>\n\n\n\n<p>La Justicia le incaut\u00f3 a<strong>Sof\u00eda Clerici<\/strong>&nbsp;casi&nbsp;<strong>600 mil d\u00f3lares<\/strong>&nbsp;de su casa de Nordelta, una de las propiedades allanadas en la causa por enriquecimiento il\u00edcito en la que se la investiga junto a su novio&nbsp;<strong>Mart\u00edn Insaurralde<\/strong>.<\/p>\n\n\n\n<p>De acuerdo a informaci\u00f3n judicial a la que accedi\u00f3&nbsp;<strong>Sergio Farella<\/strong>&nbsp;en&nbsp;<em>Arriba Argentinos<\/em>&nbsp;(<em>eltrece<\/em>), los agentes de la Polic\u00eda Federal encontraron la cifra exacta de 567 mil d\u00f3lares en un operativo ordenado por el juez&nbsp;<strong>Ernesto Kreplak.<\/strong><\/p>\n\n\n\n<p>En los otros procedimientos a los dem\u00e1s implicados, tambi\u00e9n secuestraron elementos importantes: en la casa de&nbsp;<strong>Jesica Cirio<\/strong>&nbsp;encontraron relojes de alta gama y otros elementos lujosos, mientras que de las tres propiedades de&nbsp;<strong>Insaurralde se llevaron tel\u00e9fonos y otros dispositivos electr\u00f3nicos.<\/strong><\/p>\n\n\n\n<figure class=\"wp-block-image\"><img decoding=\"async\" src=\"https:\/\/tn.com.ar\/resizer\/hE35s13-vGl8MedJ9PZOSt0oaHQ=\/767x0\/smart\/filters:format(webp)\/cloudfront-us-east-1.images.arcpublishing.com\/artear\/XQPJEXLYQ5BCJIZ6LCBTIFID5Y.jpg\" alt=\"El exterior de la casa que Sof\u00eda Clerici mostraba en sus redes sociales previo al Yategate. (Foto: Instagram\/sofiaclericiok)\"\/><figcaption>El exterior de la casa que Sof\u00eda Clerici mostraba en sus redes sociales previo al Yategate. (Foto: Instagram\/sofiaclericiok)<\/figcaption><\/figure>\n\n\n\n<p>Las actuaciones fueron ordenadas por juez federal Ernesto Kreplak en&nbsp;<strong>distintos departamentos&nbsp;<\/strong>de Banfield, Lomas de Zamora, Ezeiza, Nordelta y Mart\u00ednez, dentro de la investigaci\u00f3n por enriquecimiento il\u00edcito y lavado de dinero que lleva adelante.<\/p>\n\n\n\n<h2 class=\"wp-block-heading\">As\u00ed es la lujosa casa que Sof\u00eda Clerici<\/h2>\n\n\n\n<p><strong>Sof\u00eda Clerici&nbsp;<\/strong>se muestra muy activa en sus redes sociales, donde acumula m\u00e1s de 2 millones de seguidores. All\u00ed, no solo blanque\u00f3 su romance con&nbsp;<strong>Mart\u00edn Insaurralde<\/strong>, sino que tambi\u00e9n expuso otros&nbsp;<strong>detalles de su vida como la intimidad de su casa en Nordelta<\/strong>.<\/p>\n\n\n\n<p>En su perfil oficial de Instagram, la modelo public\u00f3 distintas postales del hogar que tiene en el barrio privado, al que allan\u00f3 la Justicia. Entre varias fotos y videos, dej\u00f3 a la vista de&nbsp;<strong>todos los lujos de la propiedad<\/strong>: su inmensa&nbsp;<strong>piscina<\/strong>, un&nbsp;<strong>vestidor&nbsp;<\/strong>repleto de zapatos y carteras y su fascinaci\u00f3n por la&nbsp;<strong>decoraci\u00f3n en tonos claros.<\/strong><\/p>\n\n\n\n<p>Antes del Yategate, Sof\u00eda mostraba las diferentes refacciones que le hac\u00eda a su \u201clugar en el mundo\u201d. En cuanto al exterior de la vivienda, cuenta con un<strong>&nbsp;gran espacio para disfrutar al aire libre<\/strong>, donde tambi\u00e9n aprovechaba para compartir asados en familia, o apreciar el atardecer desde un camastro con sill\u00f3n y cortinas blancas.<\/p>\n\n\n\n<figure class=\"wp-block-image\"><img decoding=\"async\" src=\"https:\/\/tn.com.ar\/resizer\/F4wPkbTei-CqSYHZOZQ06_P1oHQ=\/767x0\/smart\/filters:format(webp)\/cloudfront-us-east-1.images.arcpublishing.com\/artear\/WOIFIODZQBELLPWT74ZKKDEUXE.jpg\" alt=\"El vestidor, el ba\u00f1o y parte del comedor de la casa de Nordelta que Sof\u00eda Clerici mostraba en sus redes sociales. (Foto: Instagram\/sofiaclericiok)\"\/><figcaption>El vestidor, el ba\u00f1o y parte del comedor de la casa de Nordelta que Sof\u00eda Clerici mostraba en sus redes sociales. (Foto: Instagram\/sofiaclericiok)<\/figcaption><\/figure>\n\n\n\n<p>El interior del hogar se destaca por su&nbsp;<strong>decoraci\u00f3n elegante<\/strong>: apliques en colores plateados, m\u00e1rmoles blancos, mesas de vidrio, espejos e inmensos ventanales que permiten la entrada de la claridad y una vista hacia el parque.<\/p>\n\n\n\n<p>Incluso, en varias fotos se la puede ver a Sof\u00eda dentro de&nbsp;<strong>su vestidor<\/strong>. All\u00ed, cuenta con estantes blancos donde expone sus lujosas&nbsp;<strong>carteras&nbsp;<\/strong><em><strong>Chanel&nbsp;<\/strong><\/em><strong>o&nbsp;<\/strong><em><strong>Louis Vuitton<\/strong><\/em>&nbsp;y una amplia colecci\u00f3n de botas, sandalias, zapatos y zapatillas para el d\u00eda a d\u00eda.<\/p>\n\n\n\n<p><strong>\u201cSoy muy fan de la decoraci\u00f3n\u201d<\/strong>, escribi\u00f3 Clerici en una de las historias que a\u00fan tiene guardadas en su perfil de Instagram.&nbsp;<strong>\u201cQu\u00e9 paz tener mi casa impecable\u201d<\/strong>, se\u00f1al\u00f3 en otro de los posteos donde asegur\u00f3 que es muy \u201cvirginiana\u201d y le gusta mantener el orden del hogar. Tambi\u00e9n, demostr\u00f3 estar&nbsp;<strong>comprometida con el cuidado de sus plantas<\/strong>: desde un limonero, a flores y un aloe vera.<\/p>\n","protected":false},"excerpt":{"rendered":"<p>Sof\u00eda Clerici qued\u00f3 en el ojo de la tormenta por su romance con Mart\u00edn Insaurralde. (Foto: instagram\/sofiaclericiok) La Justicia le incaut\u00f3 aSof\u00eda Clerici&nbsp;casi&nbsp;600 mil d\u00f3lares&nbsp;de su casa de Nordelta, una&hellip; <\/p>\n","protected":false},"author":12,"featured_media":97244,"comment_status":"closed","ping_status":"open","sticky":false,"template":"","format":"standard","meta":{"footnotes":""},"categories":[19],"tags":[],"class_list":["post-97221","post","type-post","status-publish","format-standard","has-post-thumbnail","hentry","category-espectaculos"],"_links":{"self":[{"href":"https:\/\/corrientesdetarde.com\/index.php\/wp-json\/wp\/v2\/posts\/97221","targetHints":{"allow":["GET"]}}],"collection":[{"href":"https:\/\/corrientesdetarde.com\/index.php\/wp-json\/wp\/v2\/posts"}],"about":[{"href":"https:\/\/corrientesdetarde.com\/index.php\/wp-json\/wp\/v2\/types\/post"}],"author":[{"embeddable":true,"href":"https:\/\/corrientesdetarde.com\/index.php\/wp-json\/wp\/v2\/users\/12"}],"replies":[{"embeddable":true,"href":"https:\/\/corrientesdetarde.com\/index.php\/wp-json\/wp\/v2\/comments?post=97221"}],"version-history":[{"count":2,"href":"https:\/\/corrientesdetarde.com\/index.php\/wp-json\/wp\/v2\/posts\/97221\/revisions"}],"predecessor-version":[{"id":97245,"href":"https:\/\/corrientesdetarde.com\/index.php\/wp-json\/wp\/v2\/posts\/97221\/revisions\/97245"}],"wp:featuredmedia":[{"embeddable":true,"href":"https:\/\/corrientesdetarde.com\/index.php\/wp-json\/wp\/v2\/media\/97244"}],"wp:attachment":[{"href":"https:\/\/corrientesdetarde.com\/index.php\/wp-json\/wp\/v2\/media?parent=97221"}],"wp:term":[{"taxonomy":"category","embeddable":true,"href":"https:\/\/corrientesdetarde.com\/index.php\/wp-json\/wp\/v2\/categories?post=97221"},{"taxonomy":"post_tag","embeddable":true,"href":"https:\/\/corrientesdetarde.com\/index.php\/wp-json\/wp\/v2\/tags?post=97221"}],"curies":[{"name":"wp","href":"https:\/\/api.w.org\/{rel}","templated":true}]}}