{"id":97223,"date":"2023-10-24T10:31:21","date_gmt":"2023-10-24T13:31:21","guid":{"rendered":"https:\/\/corrientesdetarde.com\/?p=97223"},"modified":"2023-10-24T10:31:33","modified_gmt":"2023-10-24T13:31:33","slug":"desarrollo-social-busca-cerrar-mas-de-144-400-cuentas-bancarias-de-titulares-de-potenciar-trabajo-las-razones","status":"publish","type":"post","link":"https:\/\/corrientesdetarde.com\/index.php\/economia\/desarrollo-social-busca-cerrar-mas-de-144-400-cuentas-bancarias-de-titulares-de-potenciar-trabajo-las-razones\/","title":{"rendered":"Desarrollo Social busca cerrar m\u00e1s de 144.400 cuentas bancarias de titulares de Potenciar Trabajo: las razones"},"content":{"rendered":"\n<p>El\u00a0<strong>Ministerio de Desarrollo Social<\/strong>\u00a0instruy\u00f3 a la Secretar\u00eda de Econom\u00eda Socialpara que notifique el\u00a0<strong>cierre de 144.424 cuentas bancarias<\/strong>\u00a0de titulares del\u00a0<strong>Potenciar Trabajo<\/strong>, que no registraron movimiento alguno entre marzo y julio de 2023.<\/p>\n\n\n\n<p>La medida fue dispuesta, a trav\u00e9s de la resoluci\u00f3n 2105 publicada este lunes 23 en el Bolet\u00edn Oficial, en cumplimiento con el Convenio Espec\u00edfico de Colaboraci\u00f3n con el Banco Naci\u00f3n (BNA), que busca establecer los mecanismos para\u00a0<strong>\u201cadministrar de forma eficiente\u201d<\/strong>\u00a0las cuentas destinadas a los titulares de los programas sociales.<\/p>\n\n\n\n<h2 class=\"wp-block-heading\">Potenciar Trabajo: qu\u00e9 cuentas bancarias se cerrar\u00e1n<\/h2>\n\n\n\n<p>A ra\u00edz de un informe de la situaci\u00f3n de los beneficiarios del programa Potenciar Trabajo, el Ministerio conducido por Victoria Tolosa Paz se comprob\u00f3 que<strong>&nbsp;hasta el 5 de julio<\/strong>&nbsp;de este a\u00f1o \u201cexiste un total de&nbsp;<strong>144.424 cuentas&nbsp;<\/strong>susceptibles de ser cerradas por&nbsp;<strong>no registrar acreditaciones ni saldo en los 90 d\u00edas previos\u201d<\/strong>&nbsp;a la fecha de corte del informe.<\/p>\n\n\n\n<p>En tanto, puntualiz\u00f3 que \u201cse encuentra frente a la imperiosa necesidad de desvincularse de una serie de cuentas que se encuentran&nbsp;<strong>inactivas&nbsp;<\/strong>y que entorpecen la ejecuci\u00f3n de los programas sociales\u201d.<\/p>\n\n\n\n<figure class=\"wp-block-image\"><img decoding=\"async\" src=\"https:\/\/tn.com.ar\/resizer\/fcS6JNNdRIv38MdT4RKJnhtV2pk=\/767x0\/smart\/filters:format(webp)\/cloudfront-us-east-1.images.arcpublishing.com\/artear\/DWBWSS76V5DLBMBLQTBI2N2ODM.jpg\" alt=\"Desarrollo Social piden cerrar 144.424 cuentas bancarias de beneficiarios del Potenciar Trabajo: las razones. (Foto: NA)\"\/><figcaption>Desarrollo Social piden cerrar 144.424 cuentas bancarias de beneficiarios del Potenciar Trabajo: las razones. (Foto: NA)<\/figcaption><\/figure>\n\n\n\n<p>De acuerdo con la resoluci\u00f3n, Desarrollo Social solicitar\u00e1 su cierre a aquellas que:<\/p>\n\n\n\n<ul class=\"wp-block-list\"><li>Aquellas cuentas que fueron<strong>&nbsp;abiertas para cobrar<\/strong>&nbsp;alguna<strong>&nbsp;prestaci\u00f3n de asistencia social&nbsp;<\/strong>y ya&nbsp;<strong>no se encuentran vinculadas a ellas<\/strong>. Ni tampoco est\u00e1n destinadas a ese tipo de acreditaciones por parte de Desarrollo Social;<\/li><li>O&nbsp;<strong>no hayan registrado acreditaciones<\/strong>&nbsp;de dicha \u00edndole en los<strong>&nbsp;\u00faltimos 90 d\u00edas<\/strong>.<\/li><\/ul>\n\n\n\n<p>Los titulares de estas cuentas se encuentran detallados en\u00a0<strong>cinco anexos<\/strong>\u00a0que acompa\u00f1an a la resoluci\u00f3n y cuentan con un\u00a0<strong>plazo de 5 d\u00edas\u00a0<\/strong>\u201ca los fines que manifiesten ante la autoridad bancaria su voluntad de mantener abiertas las cuentas, asumiendo la titularidad exclusiva respecto de aquellas\u201d.<\/p>\n\n\n\n<h2 class=\"wp-block-heading\">Cu\u00e1les son los requisitos para cobrar el Potenciar Trabajo<\/h2>\n\n\n\n<p>El programa Potenciar Trabajo paga directo al beneficiario la&nbsp;<strong>mitad<\/strong>&nbsp;del&nbsp;<strong>salario m\u00ednimo<\/strong>, vital y m\u00f3vil con una contraprestaci\u00f3n laboral de cuatro horas diarias. Los titulares del plan deber\u00e1n cumplir con un&nbsp;<strong>m\u00e1ximo de 60 horas mensuales<\/strong>&nbsp;en una Unidad de Gesti\u00f3n de las siguientes actividades:<\/p>\n\n\n\n<ul class=\"wp-block-list\"><li>Tareas de cuidados y servicios socio-comunitarios.<\/li><li>Reciclado y servicios ambientales.<\/li><li>Construcci\u00f3n, infraestructura social, mejoramiento barrial y habitacional.<\/li><li>Agricultura familiar y producci\u00f3n de alimentos.<\/li><li>Producci\u00f3n de indumentaria y otras manufacturas.<\/li><li>Comercio popular.<\/li><li>Actividades de formaci\u00f3n y capacitaci\u00f3n profesional o entrenamiento laboral.<\/li><\/ul>\n","protected":false},"excerpt":{"rendered":"<p>El\u00a0Ministerio de Desarrollo Social\u00a0instruy\u00f3 a la Secretar\u00eda de Econom\u00eda Socialpara que notifique el\u00a0cierre de 144.424 cuentas bancarias\u00a0de titulares del\u00a0Potenciar Trabajo, que no registraron movimiento alguno entre marzo y julio de&hellip; <\/p>\n","protected":false},"author":12,"featured_media":97226,"comment_status":"closed","ping_status":"open","sticky":false,"template":"","format":"standard","meta":{"footnotes":""},"categories":[20],"tags":[],"class_list":["post-97223","post","type-post","status-publish","format-standard","has-post-thumbnail","hentry","category-economia"],"_links":{"self":[{"href":"https:\/\/corrientesdetarde.com\/index.php\/wp-json\/wp\/v2\/posts\/97223","targetHints":{"allow":["GET"]}}],"collection":[{"href":"https:\/\/corrientesdetarde.com\/index.php\/wp-json\/wp\/v2\/posts"}],"about":[{"href":"https:\/\/corrientesdetarde.com\/index.php\/wp-json\/wp\/v2\/types\/post"}],"author":[{"embeddable":true,"href":"https:\/\/corrientesdetarde.com\/index.php\/wp-json\/wp\/v2\/users\/12"}],"replies":[{"embeddable":true,"href":"https:\/\/corrientesdetarde.com\/index.php\/wp-json\/wp\/v2\/comments?post=97223"}],"version-history":[{"count":1,"href":"https:\/\/corrientesdetarde.com\/index.php\/wp-json\/wp\/v2\/posts\/97223\/revisions"}],"predecessor-version":[{"id":97227,"href":"https:\/\/corrientesdetarde.com\/index.php\/wp-json\/wp\/v2\/posts\/97223\/revisions\/97227"}],"wp:featuredmedia":[{"embeddable":true,"href":"https:\/\/corrientesdetarde.com\/index.php\/wp-json\/wp\/v2\/media\/97226"}],"wp:attachment":[{"href":"https:\/\/corrientesdetarde.com\/index.php\/wp-json\/wp\/v2\/media?parent=97223"}],"wp:term":[{"taxonomy":"category","embeddable":true,"href":"https:\/\/corrientesdetarde.com\/index.php\/wp-json\/wp\/v2\/categories?post=97223"},{"taxonomy":"post_tag","embeddable":true,"href":"https:\/\/corrientesdetarde.com\/index.php\/wp-json\/wp\/v2\/tags?post=97223"}],"curies":[{"name":"wp","href":"https:\/\/api.w.org\/{rel}","templated":true}]}}