{"id":97381,"date":"2023-10-24T20:38:26","date_gmt":"2023-10-24T23:38:26","guid":{"rendered":"https:\/\/corrientesdetarde.com\/?p=97381"},"modified":"2023-10-24T21:28:09","modified_gmt":"2023-10-25T00:28:09","slug":"el-descargo-de-lali-esposito-ante-las-criticas-por-celebrar-la-victoria-de-massa","status":"publish","type":"post","link":"https:\/\/corrientesdetarde.com\/index.php\/espectaculos\/el-descargo-de-lali-esposito-ante-las-criticas-por-celebrar-la-victoria-de-massa\/","title":{"rendered":"El descargo de Lali Esp\u00f3sito ante las cr\u00edticas por celebrar la victoria de Massa"},"content":{"rendered":"\n<p>La cantante fue una de las primeras en celebrar p\u00fablicamente la victoria del candidato de Uni\u00f3n por la Patria en las elecciones del domingo. Qu\u00e9 respondi\u00f3 en las redes.<\/p>\n\n\n\n<p>Lali Esp\u00f3sito escribi\u00f3 solamente \u201cArgentina te amo\u201d, luego de que se conocieran los primeros resultados electorales que se\u00f1alaban a<strong>&nbsp;Sergio Massa<\/strong>&nbsp;como el candidato m\u00e1s votado en la primera vuelta de las elecciones presidenciales.<\/p>\n\n\n\n<p>Pero sus seguidores relacionaron la frase con las elecciones porque en las Primarias Abiertas Simult\u00e1neas y Obligatorias (PASO) tambi\u00e9n se hab\u00eda manifestado ante la sorpresiva victoria de&nbsp;<strong>Javier Milei<\/strong>, asegurado que le parec\u00eda \u201ctriste\u201d lo que hab\u00eda pasado y que le parec\u00eda &#8220;peligroso&#8221;. Y despu\u00e9s hab\u00eda explicado un poco m\u00e1s por qu\u00e9 no le gustaba ese candidato.<\/p>\n\n\n\n<p>&#8220;S\u00ed, para m\u00ed es realmente triste votar a un anti derechos. Eso opino. Igual tranquis, que soy solo una ciudadana angustiada y no una candidata ni nada. Relajen&#8221;, hab\u00eda manifestado la cantante.<\/p>\n\n\n\n<p>En ambas oportunidades, Lali fue tendencia en redes sociales y parece que esta vez recibi\u00f3 tantas cr\u00edticas que decidi\u00f3 salir a responder.&nbsp;<strong>\u201c\u00bfPosta hay gente enojada, tirando falacias casi graciosas y perdiendo su tiempo porque puse en mis redes \u2018Argentina te amo\u2019?\u201d<\/strong>, se pregunt\u00f3.<\/p>\n\n\n\n<p><strong>\u201cWow, quiz\u00e1s ah\u00ed est\u00e1 el tema\u2026 ellos la odian. Argentina te amo siempre\u201d<\/strong>, concluy\u00f3 la cantante, que tambi\u00e9n fue criticada por haber publicado una foto de un plato de polenta que le cocin\u00f3 su madre, que muchos lo tomaron como burla por ser el plato t\u00edpico de la clase baja y trabajadora.<\/p>\n\n\n\n<figure class=\"wp-block-image\"><img decoding=\"async\" src=\"https:\/\/noticiasargentinas.com\/images\/NA\/Contenidos\/lali_tuit_copy.webp\" alt=\"lali_tuit_copy.jpg\"\/><\/figure>\n","protected":false},"excerpt":{"rendered":"<p>La cantante fue una de las primeras en celebrar p\u00fablicamente la victoria del candidato de Uni\u00f3n por la Patria en las elecciones del domingo. Qu\u00e9 respondi\u00f3 en las redes. Lali&hellip; <\/p>\n","protected":false},"author":4,"featured_media":97386,"comment_status":"closed","ping_status":"open","sticky":false,"template":"","format":"standard","meta":{"footnotes":""},"categories":[19],"tags":[],"class_list":["post-97381","post","type-post","status-publish","format-standard","has-post-thumbnail","hentry","category-espectaculos"],"_links":{"self":[{"href":"https:\/\/corrientesdetarde.com\/index.php\/wp-json\/wp\/v2\/posts\/97381","targetHints":{"allow":["GET"]}}],"collection":[{"href":"https:\/\/corrientesdetarde.com\/index.php\/wp-json\/wp\/v2\/posts"}],"about":[{"href":"https:\/\/corrientesdetarde.com\/index.php\/wp-json\/wp\/v2\/types\/post"}],"author":[{"embeddable":true,"href":"https:\/\/corrientesdetarde.com\/index.php\/wp-json\/wp\/v2\/users\/4"}],"replies":[{"embeddable":true,"href":"https:\/\/corrientesdetarde.com\/index.php\/wp-json\/wp\/v2\/comments?post=97381"}],"version-history":[{"count":2,"href":"https:\/\/corrientesdetarde.com\/index.php\/wp-json\/wp\/v2\/posts\/97381\/revisions"}],"predecessor-version":[{"id":97388,"href":"https:\/\/corrientesdetarde.com\/index.php\/wp-json\/wp\/v2\/posts\/97381\/revisions\/97388"}],"wp:featuredmedia":[{"embeddable":true,"href":"https:\/\/corrientesdetarde.com\/index.php\/wp-json\/wp\/v2\/media\/97386"}],"wp:attachment":[{"href":"https:\/\/corrientesdetarde.com\/index.php\/wp-json\/wp\/v2\/media?parent=97381"}],"wp:term":[{"taxonomy":"category","embeddable":true,"href":"https:\/\/corrientesdetarde.com\/index.php\/wp-json\/wp\/v2\/categories?post=97381"},{"taxonomy":"post_tag","embeddable":true,"href":"https:\/\/corrientesdetarde.com\/index.php\/wp-json\/wp\/v2\/tags?post=97381"}],"curies":[{"name":"wp","href":"https:\/\/api.w.org\/{rel}","templated":true}]}}