{"id":97465,"date":"2023-10-25T09:01:44","date_gmt":"2023-10-25T12:01:44","guid":{"rendered":"https:\/\/corrientesdetarde.com\/?p=97465"},"modified":"2023-10-25T09:01:59","modified_gmt":"2023-10-25T12:01:59","slug":"este-miercoles-inicia-el-pago-de-sueldos-para-estatales","status":"publish","type":"post","link":"https:\/\/corrientesdetarde.com\/index.php\/economia\/este-miercoles-inicia-el-pago-de-sueldos-para-estatales\/","title":{"rendered":"Este mi\u00e9rcoles inicia el pago de sueldos para estatales"},"content":{"rendered":"\n<p>La administraci\u00f3n provincial estableci\u00f3 el siguiente cronograma de pagos que se basa en la terminaci\u00f3n de los n\u00fameros de Documento Nacional de Identidad (DNI). A continuaci\u00f3n, presentamos las fechas de pago correspondientes a cada grupo de DNI.<\/p>\n\n\n\n<p>Mi\u00e9rcoles 25: Personas cuyos DNI terminan en 0 y 1.<br>Jueves 26: Personas cuyos DNI terminan en 2 y 3.<br>Viernes 27: Personas cuyos DNI terminan en 4 y 5.<br>Lunes 30: Personas cuyos DNI terminan en 6 y 7. Cabe destacar que quienes deseen retirar su dinero en cajeros autom\u00e1ticos podr\u00e1n hacerlo a partir del s\u00e1bado 28.<br>Martes 31: Personas cuyos DNI terminan en 8 y 9.<\/p>\n","protected":false},"excerpt":{"rendered":"<p>La administraci\u00f3n provincial estableci\u00f3 el siguiente cronograma de pagos que se basa en la terminaci\u00f3n de los n\u00fameros de Documento Nacional de Identidad (DNI). A continuaci\u00f3n, presentamos las fechas de&hellip; <\/p>\n","protected":false},"author":1,"featured_media":78064,"comment_status":"closed","ping_status":"open","sticky":false,"template":"","format":"standard","meta":{"footnotes":""},"categories":[23,20],"tags":[],"class_list":["post-97465","post","type-post","status-publish","format-standard","has-post-thumbnail","hentry","category-actualidad","category-economia"],"_links":{"self":[{"href":"https:\/\/corrientesdetarde.com\/index.php\/wp-json\/wp\/v2\/posts\/97465","targetHints":{"allow":["GET"]}}],"collection":[{"href":"https:\/\/corrientesdetarde.com\/index.php\/wp-json\/wp\/v2\/posts"}],"about":[{"href":"https:\/\/corrientesdetarde.com\/index.php\/wp-json\/wp\/v2\/types\/post"}],"author":[{"embeddable":true,"href":"https:\/\/corrientesdetarde.com\/index.php\/wp-json\/wp\/v2\/users\/1"}],"replies":[{"embeddable":true,"href":"https:\/\/corrientesdetarde.com\/index.php\/wp-json\/wp\/v2\/comments?post=97465"}],"version-history":[{"count":2,"href":"https:\/\/corrientesdetarde.com\/index.php\/wp-json\/wp\/v2\/posts\/97465\/revisions"}],"predecessor-version":[{"id":97480,"href":"https:\/\/corrientesdetarde.com\/index.php\/wp-json\/wp\/v2\/posts\/97465\/revisions\/97480"}],"wp:featuredmedia":[{"embeddable":true,"href":"https:\/\/corrientesdetarde.com\/index.php\/wp-json\/wp\/v2\/media\/78064"}],"wp:attachment":[{"href":"https:\/\/corrientesdetarde.com\/index.php\/wp-json\/wp\/v2\/media?parent=97465"}],"wp:term":[{"taxonomy":"category","embeddable":true,"href":"https:\/\/corrientesdetarde.com\/index.php\/wp-json\/wp\/v2\/categories?post=97465"},{"taxonomy":"post_tag","embeddable":true,"href":"https:\/\/corrientesdetarde.com\/index.php\/wp-json\/wp\/v2\/tags?post=97465"}],"curies":[{"name":"wp","href":"https:\/\/api.w.org\/{rel}","templated":true}]}}