{"id":97770,"date":"2023-10-26T09:03:53","date_gmt":"2023-10-26T12:03:53","guid":{"rendered":"https:\/\/corrientesdetarde.com\/?p=97770"},"modified":"2023-10-26T09:04:04","modified_gmt":"2023-10-26T12:04:04","slug":"detuvieron-a-bateria-cuando-intentaba-robar-un-auto","status":"publish","type":"post","link":"https:\/\/corrientesdetarde.com\/index.php\/policiales\/detuvieron-a-bateria-cuando-intentaba-robar-un-auto\/","title":{"rendered":"detuvieron a &#8220;Bater\u00eda&#8221; cuando intentaba robar un auto"},"content":{"rendered":"\n<p>Un reconocido delincuente que en los \u00faltimos meses termin\u00f3 detenido varias veces, fue atrapado nuevamente el martes por la tarde, cuando pretend\u00eda generar da\u00f1os en otro veh\u00edculo.\u00a0<\/p>\n\n\n\n<p>Fue alrededor de las 18:20, cuando elementos del Destacamento San Marcos que patrullaban en prevenci\u00f3n de il\u00edcitos por avenida Maip\u00fa y calle Honduras sorprendieron al bandido apodado &#8220;Bater\u00eda&#8221;, quien se encontraba al costado de un veh\u00edculo estacionado en la v\u00eda p\u00fablica, analizando c\u00f3mo poder levantarle el capot.<\/p>\n\n\n\n<p>En esta ocasi\u00f3n, no alcanz\u00f3 a abrir el capot, gracias a la r\u00e1pida reacci\u00f3n de los polic\u00edas que lo demoraron y lo trasladaron inicialmente hasta el Destacamento San Marco, en la que se labraron las actas correspondientes a su demora y luego fue trasladado hasta la comisar\u00eda 19. Qued\u00f3 a disposici\u00f3n de la Justicia.<\/p>\n\n\n\n<figure class=\"wp-block-image size-full\"><img loading=\"lazy\" decoding=\"async\" width=\"770\" height=\"1022\" src=\"https:\/\/corrientesdetarde.com\/wp-content\/uploads\/2023\/10\/image-670.png\" alt=\"\" class=\"wp-image-97780\" srcset=\"https:\/\/corrientesdetarde.com\/wp-content\/uploads\/2023\/10\/image-670.png 770w, https:\/\/corrientesdetarde.com\/wp-content\/uploads\/2023\/10\/image-670-226x300.png 226w, https:\/\/corrientesdetarde.com\/wp-content\/uploads\/2023\/10\/image-670-768x1019.png 768w\" sizes=\"auto, (max-width: 770px) 100vw, 770px\" \/><\/figure>\n","protected":false},"excerpt":{"rendered":"<p>Un reconocido delincuente que en los \u00faltimos meses termin\u00f3 detenido varias veces, fue atrapado nuevamente el martes por la tarde, cuando pretend\u00eda generar da\u00f1os en otro veh\u00edculo.\u00a0 Fue alrededor de&hellip; <\/p>\n","protected":false},"author":1,"featured_media":97781,"comment_status":"closed","ping_status":"open","sticky":false,"template":"","format":"standard","meta":{"footnotes":""},"categories":[33],"tags":[],"class_list":["post-97770","post","type-post","status-publish","format-standard","has-post-thumbnail","hentry","category-policiales"],"_links":{"self":[{"href":"https:\/\/corrientesdetarde.com\/index.php\/wp-json\/wp\/v2\/posts\/97770","targetHints":{"allow":["GET"]}}],"collection":[{"href":"https:\/\/corrientesdetarde.com\/index.php\/wp-json\/wp\/v2\/posts"}],"about":[{"href":"https:\/\/corrientesdetarde.com\/index.php\/wp-json\/wp\/v2\/types\/post"}],"author":[{"embeddable":true,"href":"https:\/\/corrientesdetarde.com\/index.php\/wp-json\/wp\/v2\/users\/1"}],"replies":[{"embeddable":true,"href":"https:\/\/corrientesdetarde.com\/index.php\/wp-json\/wp\/v2\/comments?post=97770"}],"version-history":[{"count":1,"href":"https:\/\/corrientesdetarde.com\/index.php\/wp-json\/wp\/v2\/posts\/97770\/revisions"}],"predecessor-version":[{"id":97782,"href":"https:\/\/corrientesdetarde.com\/index.php\/wp-json\/wp\/v2\/posts\/97770\/revisions\/97782"}],"wp:featuredmedia":[{"embeddable":true,"href":"https:\/\/corrientesdetarde.com\/index.php\/wp-json\/wp\/v2\/media\/97781"}],"wp:attachment":[{"href":"https:\/\/corrientesdetarde.com\/index.php\/wp-json\/wp\/v2\/media?parent=97770"}],"wp:term":[{"taxonomy":"category","embeddable":true,"href":"https:\/\/corrientesdetarde.com\/index.php\/wp-json\/wp\/v2\/categories?post=97770"},{"taxonomy":"post_tag","embeddable":true,"href":"https:\/\/corrientesdetarde.com\/index.php\/wp-json\/wp\/v2\/tags?post=97770"}],"curies":[{"name":"wp","href":"https:\/\/api.w.org\/{rel}","templated":true}]}}