{"id":97979,"date":"2023-10-26T20:55:22","date_gmt":"2023-10-26T23:55:22","guid":{"rendered":"https:\/\/corrientesdetarde.com\/?p=97979"},"modified":"2023-10-26T20:55:33","modified_gmt":"2023-10-26T23:55:33","slug":"el-papa-destaco-que-encuentro-mundial-de-jovenes-es-una-instancia-de-trabajo-reflexion-y-testimonio","status":"publish","type":"post","link":"https:\/\/corrientesdetarde.com\/index.php\/sociales\/el-papa-destaco-que-encuentro-mundial-de-jovenes-es-una-instancia-de-trabajo-reflexion-y-testimonio\/","title":{"rendered":"El Papa destac\u00f3 que Encuentro Mundial de J\u00f3venes es una instancia de &#8220;trabajo, reflexi\u00f3n y testimonio&#8221;"},"content":{"rendered":"\n<p>El Pont\u00edfice envi\u00f3 un mensaje grabado en el cierre del c\u00f3nclave.<\/p>\n\n\n\n<p>El<strong>\u00a0Papa Francisco<\/strong>\u00a0celebr\u00f3 este\u00a0jueves el cierre del<strong>\u00a0VI Encuentro Mundial de J\u00f3venes,<\/strong>\u00a0realizado en\u00a0la ciudad brasile\u00f1a de San Pablo y afirm\u00f3 que el evento internacional es una instancia de<strong>\u00a0&#8220;trabajo, reflexi\u00f3n y\u00a0testimonio&#8221;.<\/strong><\/p>\n\n\n\n<p><strong>&#8220;Este encuentro mundial de j\u00f3venes es un trabajo de reflexi\u00f3n&nbsp;y testimonio, con tres palabras clave: movimiento, gratuidad y&nbsp;encuentro. El encuentro, para ser humano, tiene que ser gratuito.&nbsp;Y para que haya encuentro, tiene que haber movimiento&#8221;, dijo el&nbsp;Papa.<\/strong><\/p>\n\n\n\n<p><strong>Francisco se expres\u00f3 a trav\u00e9s de un mensaje grabado<\/strong>&nbsp;que fue&nbsp;transmitido en el cierre del VI Encuentro Mundial de J\u00f3venes&nbsp;organizado por la Pontificia Fundaci\u00f3n Scholas Occurrentes, World&nbsp;ORT y la Fundaci\u00f3n Leo Werthein, que este a\u00f1o coincidi\u00f3 con el V&nbsp;Congreso Escuela Plus, en la sede paulista del Club Hebraica.<\/p>\n\n\n\n<p>J\u00f3venes de&nbsp;<strong>Argentina, Bulgaria, Brasil, Colombia, Espa\u00f1a,&nbsp;Estados Unidos, El Salvador, Ecuador, Hait\u00ed, Israel, Italia,&nbsp;M\u00e9xico, Mozambique, Portugal, Panam\u00e1, Per\u00fa, Paraguay, Venezuela y&nbsp;Sud\u00e1frica<\/strong>&nbsp;celebraron la diversidad cultural y religiosa,&nbsp;compartiendo actividades y experiencias que promueven<br>la cultura del encuentro.<\/p>\n\n\n\n<p><strong>El inicio de la colaboraci\u00f3n entre Scholas y World ORT se dio&nbsp;en octubre de 2017<\/strong>&nbsp;cuando en la sede vaticana y en presencia del&nbsp;Papa, el presidente mundial de Scholas, Jos\u00e9 Mar\u00eda del Corral, y&nbsp;el empresario latinoamericano e integrante de World ORT, Dar\u00edo&nbsp;Werthein, se comprometieron a reunir j\u00f3venes de todo el mundo, de&nbsp;diferentes religiones y entornos socioecon\u00f3micos para participar&nbsp;en un di\u00e1logo abierto, significativo y multicultural.<\/p>\n\n\n\n<p>Este evento, justamente, se hizo por primera vez en 2016 en la&nbsp;Ciudad del Vaticano. Luego se realizaron ediciones en Jerusal\u00e9n&nbsp;(2017),&nbsp;<strong>Buenos Aires (2018),<\/strong>&nbsp;Ciudad de M\u00e9xico (2019) y Panam\u00e1&nbsp;(2022).<\/p>\n","protected":false},"excerpt":{"rendered":"<p>El Pont\u00edfice envi\u00f3 un mensaje grabado en el cierre del c\u00f3nclave. El\u00a0Papa Francisco\u00a0celebr\u00f3 este\u00a0jueves el cierre del\u00a0VI Encuentro Mundial de J\u00f3venes,\u00a0realizado en\u00a0la ciudad brasile\u00f1a de San Pablo y afirm\u00f3 que&hellip; <\/p>\n","protected":false},"author":4,"featured_media":97993,"comment_status":"closed","ping_status":"open","sticky":false,"template":"","format":"standard","meta":{"footnotes":""},"categories":[17],"tags":[],"class_list":["post-97979","post","type-post","status-publish","format-standard","has-post-thumbnail","hentry","category-sociales"],"_links":{"self":[{"href":"https:\/\/corrientesdetarde.com\/index.php\/wp-json\/wp\/v2\/posts\/97979","targetHints":{"allow":["GET"]}}],"collection":[{"href":"https:\/\/corrientesdetarde.com\/index.php\/wp-json\/wp\/v2\/posts"}],"about":[{"href":"https:\/\/corrientesdetarde.com\/index.php\/wp-json\/wp\/v2\/types\/post"}],"author":[{"embeddable":true,"href":"https:\/\/corrientesdetarde.com\/index.php\/wp-json\/wp\/v2\/users\/4"}],"replies":[{"embeddable":true,"href":"https:\/\/corrientesdetarde.com\/index.php\/wp-json\/wp\/v2\/comments?post=97979"}],"version-history":[{"count":1,"href":"https:\/\/corrientesdetarde.com\/index.php\/wp-json\/wp\/v2\/posts\/97979\/revisions"}],"predecessor-version":[{"id":97994,"href":"https:\/\/corrientesdetarde.com\/index.php\/wp-json\/wp\/v2\/posts\/97979\/revisions\/97994"}],"wp:featuredmedia":[{"embeddable":true,"href":"https:\/\/corrientesdetarde.com\/index.php\/wp-json\/wp\/v2\/media\/97993"}],"wp:attachment":[{"href":"https:\/\/corrientesdetarde.com\/index.php\/wp-json\/wp\/v2\/media?parent=97979"}],"wp:term":[{"taxonomy":"category","embeddable":true,"href":"https:\/\/corrientesdetarde.com\/index.php\/wp-json\/wp\/v2\/categories?post=97979"},{"taxonomy":"post_tag","embeddable":true,"href":"https:\/\/corrientesdetarde.com\/index.php\/wp-json\/wp\/v2\/tags?post=97979"}],"curies":[{"name":"wp","href":"https:\/\/api.w.org\/{rel}","templated":true}]}}