{"id":97995,"date":"2023-10-26T20:59:02","date_gmt":"2023-10-26T23:59:02","guid":{"rendered":"https:\/\/corrientesdetarde.com\/?p=97995"},"modified":"2023-10-26T20:59:13","modified_gmt":"2023-10-26T23:59:13","slug":"now-and-then-la-nueva-cancion-de-the-beatles-con-la-voz-de-john-lennon","status":"publish","type":"post","link":"https:\/\/corrientesdetarde.com\/index.php\/cultura\/now-and-then-la-nueva-cancion-de-the-beatles-con-la-voz-de-john-lennon\/","title":{"rendered":"Now and Then, la nueva canci\u00f3n de The Beatles con la voz de John Lennon"},"content":{"rendered":"\n<p>Paul McCartney y Ringo Starr presentar\u00e1n el \u00faltimo tema de la banda utilizando recortes de la voz de Lennon y grabaciones de George Harrison.<\/p>\n\n\n\n<p><strong>The Beatles<\/strong>&nbsp;lanzar\u00e1 la pr\u00f3xima semana&nbsp;<em>Now and Then.&nbsp;<\/em>una nueva canci\u00f3n que incluir\u00e1 grabaciones de&nbsp;<strong>John Lennon<\/strong>&nbsp;y&nbsp;<strong>George Harrison,&nbsp;<\/strong>confirm\u00f3&nbsp;Universal Music Group.<\/p>\n\n\n\n<p><strong>Paul McCartney<\/strong>&nbsp;y&nbsp;<strong>Ringo Starr<\/strong>&nbsp;estuvieron detr\u00e1s del nuevo proyecto de The Beatles.&nbsp;<strong>&#8220;Ah\u00ed estaba la voz de John, cristalina&#8221;<\/strong>, expres\u00f3 Paul en un comunicado y a\u00f1adi\u00f3:&nbsp;<strong>&#8220;Es muy emotivo. Y todos tocamos en ella, es una grabaci\u00f3n genuina de los Beatles&#8221;.<\/strong><\/p>\n\n\n\n<p>Sobre el lanzamiento, Paul declar\u00f3:&nbsp;<strong>&#8220;En 2023 seguir trabajando en la m\u00fasica de los Beatles, y a punto de lanzar una nueva canci\u00f3n que el p\u00fablico no ha escuchado, creo que es algo emocionante&#8221;.<\/strong><\/p>\n\n\n\n<p><strong>&#8220;Fue lo m\u00e1s cerca que estaremos de tenerlo de nuevo en la sala, as\u00ed que fue muy emotivo para todos nosotros&#8221;<\/strong>, dijo Starr refiri\u00e9ndose a John Lennon.<strong>&nbsp;&#8220;Fue como si John estuviera ah\u00ed. Est\u00e1 muy lejos&#8221;.<\/strong><\/p>\n\n\n\n<p>Esta nueva canci\u00f3n fue creada mediante grabaciones guardadas de los fallecidos Jonh Lennon y George Harrison. Cuando se anunci\u00f3 el lanzamiento del tema,\u00a0Paul McCartney revel\u00f3 que no utilizaron inteligencia artificial para producirlo.\u00a0<strong>\u201cTodo es real y todos tocamos en \u00e9l. Limpiamos algunas grabaciones existentes, un proceso que se ha prolongado durante a\u00f1os\u201d<\/strong>, asegur\u00f3 el m\u00fasico hace algunos meses.<\/p>\n\n\n\n<p>La letra de&nbsp;<em>Now and Then<\/em>&nbsp;<strong>fue grabada por Lennon en 1970 en su casa de Nueva York<\/strong>. Esta grabaci\u00f3n lleg\u00f3 al resto de los integrantes gracias a&nbsp;<strong>Yoko Ono<\/strong>, la viuda de Lennon.&nbsp;<\/p>\n\n\n\n<figure class=\"wp-block-image\"><img decoding=\"async\" src=\"https:\/\/noticiasargentinas.com\/images\/NA\/Contenidos\/613a0b1542d8b.jpg\" alt=\"613a0b1542d8b.jpg\"\/><\/figure>\n\n\n\n<p>En ese entonces, McCartney, Harrison y Starr grabaron sus partes para la canci\u00f3n, pero no contaban con la tecnolog\u00eda suficiente para separar la voz y el piano de Lennon. Esta falta de herramientas les impidi\u00f3 realizar una mezcla n\u00edtida para terminarla.<\/p>\n\n\n\n<p>En 2021,&nbsp;<strong>Peter Jackson<\/strong>&nbsp;cre\u00f3 la serie documental<strong>&nbsp;<em>The Beatles: Get Back<\/em><\/strong>&nbsp;logrando aislar los instrumentos y las voces mediante inteligencia artificial. Esta idea inspir\u00f3 a Paul y Ringo quienes decidieron retomar el proyecto de&nbsp;<em>Now and Then<\/em>.<\/p>\n","protected":false},"excerpt":{"rendered":"<p>Paul McCartney y Ringo Starr presentar\u00e1n el \u00faltimo tema de la banda utilizando recortes de la voz de Lennon y grabaciones de George Harrison. The Beatles&nbsp;lanzar\u00e1 la pr\u00f3xima semana&nbsp;Now and&hellip; <\/p>\n","protected":false},"author":4,"featured_media":97996,"comment_status":"closed","ping_status":"open","sticky":false,"template":"","format":"standard","meta":{"footnotes":""},"categories":[15],"tags":[],"class_list":["post-97995","post","type-post","status-publish","format-standard","has-post-thumbnail","hentry","category-cultura"],"_links":{"self":[{"href":"https:\/\/corrientesdetarde.com\/index.php\/wp-json\/wp\/v2\/posts\/97995","targetHints":{"allow":["GET"]}}],"collection":[{"href":"https:\/\/corrientesdetarde.com\/index.php\/wp-json\/wp\/v2\/posts"}],"about":[{"href":"https:\/\/corrientesdetarde.com\/index.php\/wp-json\/wp\/v2\/types\/post"}],"author":[{"embeddable":true,"href":"https:\/\/corrientesdetarde.com\/index.php\/wp-json\/wp\/v2\/users\/4"}],"replies":[{"embeddable":true,"href":"https:\/\/corrientesdetarde.com\/index.php\/wp-json\/wp\/v2\/comments?post=97995"}],"version-history":[{"count":1,"href":"https:\/\/corrientesdetarde.com\/index.php\/wp-json\/wp\/v2\/posts\/97995\/revisions"}],"predecessor-version":[{"id":97997,"href":"https:\/\/corrientesdetarde.com\/index.php\/wp-json\/wp\/v2\/posts\/97995\/revisions\/97997"}],"wp:featuredmedia":[{"embeddable":true,"href":"https:\/\/corrientesdetarde.com\/index.php\/wp-json\/wp\/v2\/media\/97996"}],"wp:attachment":[{"href":"https:\/\/corrientesdetarde.com\/index.php\/wp-json\/wp\/v2\/media?parent=97995"}],"wp:term":[{"taxonomy":"category","embeddable":true,"href":"https:\/\/corrientesdetarde.com\/index.php\/wp-json\/wp\/v2\/categories?post=97995"},{"taxonomy":"post_tag","embeddable":true,"href":"https:\/\/corrientesdetarde.com\/index.php\/wp-json\/wp\/v2\/tags?post=97995"}],"curies":[{"name":"wp","href":"https:\/\/api.w.org\/{rel}","templated":true}]}}