{"id":98002,"date":"2023-10-26T21:20:38","date_gmt":"2023-10-27T00:20:38","guid":{"rendered":"https:\/\/corrientesdetarde.com\/?p=98002"},"modified":"2023-10-26T21:20:49","modified_gmt":"2023-10-27T00:20:49","slug":"el-sindicato-de-comercio-arreglo-una-super-paritaria-y-le-mete-presion-al-plan-massa-contra-la-inflacion","status":"publish","type":"post","link":"https:\/\/corrientesdetarde.com\/index.php\/economia\/el-sindicato-de-comercio-arreglo-una-super-paritaria-y-le-mete-presion-al-plan-massa-contra-la-inflacion\/","title":{"rendered":"El sindicato de Comercio arregl\u00f3 una s\u00faper paritaria y le mete presi\u00f3n al plan Massa contra la inflaci\u00f3n"},"content":{"rendered":"\n<p>El gremio liderado por el hist\u00f3rico Cavalieri es uno de los que se toman como testigos para otros acuerdos salariales.<\/p>\n\n\n\n<p>El sindicato de Comercio, el\u00a0m\u00e1s grande de la Argentina, cerr\u00f3 hoy una paritaria\u00a0del 47 por\u00a0ciento para el \u00faltimo trimestre del a\u00f1o, a raz\u00f3n del 16% mensual,\u00a0por muy encima de la inflaci\u00f3n.\u00a0<\/p>\n\n\n\n<p>El&nbsp;<strong>costo de vida<\/strong>&nbsp;esperado para octubre ronda el 10%, seg\u00fan&nbsp;consultoras privadas.<\/p>\n\n\n\n<p>De esta forma,&nbsp;<strong>el acuerdo de un sindicato tan poderoso podr\u00eda&nbsp;presionar sobre la inflaci\u00f3n<\/strong>&nbsp;en un momento clave de la campa\u00f1a&nbsp;electoral.<\/p>\n\n\n\n<p>La Federaci\u00f3n Argentina de Empleados de Comercio y Servicios&nbsp;(FAECYS) y la C\u00e1mara Argentina de Comercio (CAC), la Confederaci\u00f3n&nbsp;de la Mediana Empresa (CAME) y la Uni\u00f3n de Entidades Comerciales&nbsp;(Udeca) firmaron hoy un acuerdo paritario trimestral (octubre-diciembre 2023) con un incremento del 47% (20% en octubre, 13,3%&nbsp;en noviembre y 13,3% diciembre).<\/p>\n\n\n\n<p>De esta manera,&nbsp;<strong>el salario b\u00e1sico alcanza el piso de $397.400&nbsp;m\u00e1s adicionales.<\/strong>&nbsp;Asimismo, se acord\u00f3 realizar una nueva reuni\u00f3n en&nbsp;diciembre.<\/p>\n\n\n\n<p>Al respecto,&nbsp;<strong>Armando Cavalieri<\/strong>, secretario general de la&nbsp;FAECYS, destac\u00f3: &#8220;Estos acuerdos trimestrales nos permiten estar&nbsp;m\u00e1s en sinton\u00eda con el incremento de los precios, y de esta&nbsp;manera, contribuimos a fortalecer el poder adquisitivo de los&nbsp;empleados de Comercio, garantizar su bienestar econ\u00f3mico en un&nbsp;entorno marcado por la fluctuaci\u00f3n de los costos y la constante&nbsp;evoluci\u00f3n de la econom\u00eda&#8221;.<\/p>\n\n\n\n<p>El acuerdo salarial, que se firm\u00f3 en el Ministerio de Trabajo,&nbsp;Empleo y Seguridad Social, corresponde a la paritaria de Comercio,&nbsp;que va de abril 2023 a marzo 2024.<\/p>\n\n\n\n<p>&#8220;Es importante destacar el trabajo y la participaci\u00f3n de todos&nbsp;los sectores, los empresarios, el Ministerio de Trabajo y los&nbsp;trabajadores, y que, a pesar de la complejidad del contexto,&nbsp;mantengamos un di\u00e1logo constante&#8221;, sostuvo Cavalieri.<\/p>\n\n\n\n<p><\/p>\n","protected":false},"excerpt":{"rendered":"<p>El gremio liderado por el hist\u00f3rico Cavalieri es uno de los que se toman como testigos para otros acuerdos salariales. El sindicato de Comercio, el\u00a0m\u00e1s grande de la Argentina, cerr\u00f3&hellip; <\/p>\n","protected":false},"author":4,"featured_media":98003,"comment_status":"closed","ping_status":"open","sticky":false,"template":"","format":"standard","meta":{"footnotes":""},"categories":[20],"tags":[],"class_list":["post-98002","post","type-post","status-publish","format-standard","has-post-thumbnail","hentry","category-economia"],"_links":{"self":[{"href":"https:\/\/corrientesdetarde.com\/index.php\/wp-json\/wp\/v2\/posts\/98002","targetHints":{"allow":["GET"]}}],"collection":[{"href":"https:\/\/corrientesdetarde.com\/index.php\/wp-json\/wp\/v2\/posts"}],"about":[{"href":"https:\/\/corrientesdetarde.com\/index.php\/wp-json\/wp\/v2\/types\/post"}],"author":[{"embeddable":true,"href":"https:\/\/corrientesdetarde.com\/index.php\/wp-json\/wp\/v2\/users\/4"}],"replies":[{"embeddable":true,"href":"https:\/\/corrientesdetarde.com\/index.php\/wp-json\/wp\/v2\/comments?post=98002"}],"version-history":[{"count":1,"href":"https:\/\/corrientesdetarde.com\/index.php\/wp-json\/wp\/v2\/posts\/98002\/revisions"}],"predecessor-version":[{"id":98004,"href":"https:\/\/corrientesdetarde.com\/index.php\/wp-json\/wp\/v2\/posts\/98002\/revisions\/98004"}],"wp:featuredmedia":[{"embeddable":true,"href":"https:\/\/corrientesdetarde.com\/index.php\/wp-json\/wp\/v2\/media\/98003"}],"wp:attachment":[{"href":"https:\/\/corrientesdetarde.com\/index.php\/wp-json\/wp\/v2\/media?parent=98002"}],"wp:term":[{"taxonomy":"category","embeddable":true,"href":"https:\/\/corrientesdetarde.com\/index.php\/wp-json\/wp\/v2\/categories?post=98002"},{"taxonomy":"post_tag","embeddable":true,"href":"https:\/\/corrientesdetarde.com\/index.php\/wp-json\/wp\/v2\/tags?post=98002"}],"curies":[{"name":"wp","href":"https:\/\/api.w.org\/{rel}","templated":true}]}}