{"id":98219,"date":"2023-10-27T19:07:05","date_gmt":"2023-10-27T22:07:05","guid":{"rendered":"https:\/\/corrientesdetarde.com\/?p=98219"},"modified":"2023-10-27T19:07:17","modified_gmt":"2023-10-27T22:07:17","slug":"fernandez-se-fue-a-montevideo-por-los-partidos-del-mundial-y-massa-trata-de-conseguir-combustible","status":"publish","type":"post","link":"https:\/\/corrientesdetarde.com\/index.php\/politica\/fernandez-se-fue-a-montevideo-por-los-partidos-del-mundial-y-massa-trata-de-conseguir-combustible\/","title":{"rendered":"Fern\u00e1ndez se fue a Montevideo por  los partidos del Mundial y Massa trata de conseguir combustible"},"content":{"rendered":"\n<p>Por Juan Pablo Peralta desde Casa Rosada <\/p>\n\n\n\n<p>El presidente Alberto Fern\u00e1ndez viaj\u00f3 a la ciudad de Montevideo, Uruguay para participar de la organizaci\u00f3n de los primeros tres partidos inaugurales del Mundial 2030.<br>Quien est\u00e1 a cargo de la gesti\u00f3n, el candidato oficialista y Ministro de Econom\u00eda, Sergio Massa, sigue preocupado por la suba de precios y el faltante de combustibles que est\u00e1 produciendo graves problemas en el transporte de los usuarios, pero tambi\u00e9n de bienes en el mercado interno y el exportador.<\/p>\n\n\n\n<p> Su secretaria de Energ\u00eda, Flavia Roy\u00f3n, anunci\u00f3 con representantes del sector petrolero que se importar\u00e1n diez barcos para garantizar el abastecimiento en el pa\u00eds. Por otro lado, la Defensor\u00eda del Pueblo de la Naci\u00f3n le recomend\u00f3 al ministerio de Econom\u00eda y Salud que asegure la provisi\u00f3n de insumos m\u00e9dicos para \u00e1reas cr\u00edticas como oncolog\u00eda, cardiolog\u00eda, terapias intensivas y tomograf\u00edas, entre otros. Por ahora el Gobierno no ha dado respuestas.<\/p>\n\n\n\n<figure class=\"wp-block-embed is-type-video is-provider-youtube wp-block-embed-youtube wp-embed-aspect-16-9 wp-has-aspect-ratio\"><div class=\"wp-block-embed__wrapper\">\n<iframe loading=\"lazy\" title=\"Fern\u00e1ndez se fue a Montevideo por  los partidos del Mundial y Massa trata de conseguir combustible\" width=\"1110\" height=\"624\" src=\"https:\/\/www.youtube.com\/embed\/XOYZjSB-Viw?feature=oembed\" frameborder=\"0\" allow=\"accelerometer; autoplay; clipboard-write; encrypted-media; gyroscope; picture-in-picture; web-share\" allowfullscreen><\/iframe>\n<\/div><\/figure>\n","protected":false},"excerpt":{"rendered":"<p>Por Juan Pablo Peralta desde Casa Rosada El presidente Alberto Fern\u00e1ndez viaj\u00f3 a la ciudad de Montevideo, Uruguay para participar de la organizaci\u00f3n de los primeros tres partidos inaugurales del&hellip; <\/p>\n","protected":false},"author":11,"featured_media":83244,"comment_status":"closed","ping_status":"open","sticky":false,"template":"","format":"standard","meta":{"footnotes":""},"categories":[10,3],"tags":[],"class_list":["post-98219","post","type-post","status-publish","format-standard","has-post-thumbnail","hentry","category-nacionales","category-politica"],"_links":{"self":[{"href":"https:\/\/corrientesdetarde.com\/index.php\/wp-json\/wp\/v2\/posts\/98219","targetHints":{"allow":["GET"]}}],"collection":[{"href":"https:\/\/corrientesdetarde.com\/index.php\/wp-json\/wp\/v2\/posts"}],"about":[{"href":"https:\/\/corrientesdetarde.com\/index.php\/wp-json\/wp\/v2\/types\/post"}],"author":[{"embeddable":true,"href":"https:\/\/corrientesdetarde.com\/index.php\/wp-json\/wp\/v2\/users\/11"}],"replies":[{"embeddable":true,"href":"https:\/\/corrientesdetarde.com\/index.php\/wp-json\/wp\/v2\/comments?post=98219"}],"version-history":[{"count":1,"href":"https:\/\/corrientesdetarde.com\/index.php\/wp-json\/wp\/v2\/posts\/98219\/revisions"}],"predecessor-version":[{"id":98220,"href":"https:\/\/corrientesdetarde.com\/index.php\/wp-json\/wp\/v2\/posts\/98219\/revisions\/98220"}],"wp:featuredmedia":[{"embeddable":true,"href":"https:\/\/corrientesdetarde.com\/index.php\/wp-json\/wp\/v2\/media\/83244"}],"wp:attachment":[{"href":"https:\/\/corrientesdetarde.com\/index.php\/wp-json\/wp\/v2\/media?parent=98219"}],"wp:term":[{"taxonomy":"category","embeddable":true,"href":"https:\/\/corrientesdetarde.com\/index.php\/wp-json\/wp\/v2\/categories?post=98219"},{"taxonomy":"post_tag","embeddable":true,"href":"https:\/\/corrientesdetarde.com\/index.php\/wp-json\/wp\/v2\/tags?post=98219"}],"curies":[{"name":"wp","href":"https:\/\/api.w.org\/{rel}","templated":true}]}}