{"id":9823,"date":"2022-10-09T18:45:21","date_gmt":"2022-10-09T21:45:21","guid":{"rendered":"https:\/\/corrientesdetarde.com\/?p=9823"},"modified":"2022-10-09T18:45:25","modified_gmt":"2022-10-09T21:45:25","slug":"gerardo-morales-si-mauricio-macri-es-candidato-le-voy-a-poner-una-paliza-en-las-elecciones","status":"publish","type":"post","link":"https:\/\/corrientesdetarde.com\/index.php\/politica\/gerardo-morales-si-mauricio-macri-es-candidato-le-voy-a-poner-una-paliza-en-las-elecciones\/","title":{"rendered":"Gerardo Morales: \u201cSi Mauricio Macri es candidato, le voy a poner una paliza en las elecciones\u201d"},"content":{"rendered":"\n<h2 class=\"wp-block-heading\">El gobernador de Jujuy, Gerardo Morales, expres\u00f3 as\u00ed su deseo de que Mauricio Macri compita en la interna opositora en 2023, a quien adem\u00e1s le marc\u00f3 la cancha ya que &#8220;es el l\u00edder del PRO, no de JxC&#8221;.<\/h2>\n\n\n\n<p>El gobernador de Jujuy, Gerardo Morales, hizo declaraciones sobre una posible interna en Juntos por el Cambio (JxC) con Mauricio Macri y asegur\u00f3 que le va &#8220;a poner una paliza&#8221;, si es el que el expresidente se presenta y juega las PASO en 2023.<\/p>\n\n\n\n<p>El presidente de la UCR habl\u00f3 este fin de semana en una entrevista y analiz\u00f3 cu\u00e1l es el rol del partido que representa en la mesa de JxC, tras las declaraciones de Facundo Manes, quien hab\u00eda se\u00f1alado a Macri por las causas de &#8220;espionaje&#8221; y el &#8220;populismo institucional&#8221;.<\/p>\n\n\n\n<p>En ese sentido, Morales puso pa\u00f1os fr\u00edos a la pol\u00e9mica por Manes, aunque dej\u00f3 en claro que Mauricio Macri es &#8220;el jefe del PRO&#8221; pero &#8220;no es el jefe de Juntos por el Cambio ni del radicalismo ni de la Coalici\u00f3n C\u00edvica&#8221;, asegur\u00f3.<\/p>\n\n\n\n<p>El presidente de la UCR se\u00f1al\u00f3 que le gustar\u00eda que &#8220;Macri sea candidato, as\u00ed le gano bien, porque le voy a ganar&#8221;, dijo. All\u00ed Morales expres\u00f3 que si el expresidente juega en las PASO en 2023 en la interna de JxC, &#8220;le voy a poner una paliza en las elecciones si es candidato&#8221;, agreg\u00f3.<\/p>\n\n\n\n<p>Dej\u00f3 en claro que la carrera pol\u00edtica del l\u00edder del PRO no esta terminada. &#8220;Yo no lo voy a jubilar a Macri.<\/p>\n\n\n\n<p>El tiene todo el derecho de ser candidato, de pensar y pretender su segundo tiempo, pero no creo que sea conveniente para el pa\u00eds&#8221;, lanz\u00f3 el gobernador juje\u00f1o en una entrevista con Infobae, este domingo.<\/p>\n\n\n\n<p>De este modo, Morales consider\u00f3 que &#8220;Macri debe tener un rol m\u00e1s de aconsejar, por las experiencias que ha tenido a la hora de gobernar&#8221;, ya que &#8220;pas\u00f3 el tiempo y tiene que dejarle espacio a otros referentes, del PRO, de la UCR y de otros partidos, donde resolveremos nuestras internas en las PASO&#8221;, explic\u00f3.<\/p>\n\n\n\n<p>En otro pasaje de la entrevista, Gerardo Morales hizo foco en las explosivas declaraciones del diputado nacional radical Facundo Manes, quien hab\u00eda cuestionado a Mauricio Macri y la gesti\u00f3n de Cambiemos en el gobierno.<\/p>\n\n\n\n<p>&#8220;Todav\u00eda no habl\u00e9 con Facundo Manes. Cuando baje un poco la espuma lo voy a hacer.Tal vez est\u00e1 molesto por la expresi\u00f3n del Comit\u00e9 Nacional y lo entiendo, pero me parece que hay excesos que los ten\u00edamos que ordenar&#8221;, razon\u00f3 el presidente de la UCR, quien hab\u00eda publicado un comunicado en redes tras los dichos de Manes, marcando distancia y tratando de traer el orden y tranquilidad a JxC, puertas adentro.<\/p>\n\n\n\n<p>Sobre Manes, Gerardo Morales evalu\u00f3 que &#8220;podr\u00eda ser un buen candidato a gobernador de la UCR (en la provincia de Buenos Aires), ya que la pele\u00f3 ah\u00ed estar\u00eda bueno, pero no lo quiero bajar de candidato a presidente, ya est\u00e1 lanzado&#8221;, explic\u00f3.<\/p>\n\n\n\n<p>En esa l\u00ednea, el gobernador de Jujuy destac\u00f3 que &#8220;hay un radicalismo m\u00e1s fortalecido, que viene logrando la posici\u00f3n que le corresponde en Juntos con el Cambio&#8221;, y remarc\u00f3 que &#8220;no va a tener nunca m\u00e1s un rol secundario, no va a ser furg\u00f3n de cola&#8221; en la coalici\u00f3n opositora, insisti\u00f3.<\/p>\n\n\n\n<p>As\u00ed fue que neg\u00f3 rotundamente que haya una ruptura o quiebre dentro de la misma UCR, luego de los dichos de Manes. All\u00ed Morales puso un manto de cordura para calmar las voces que cuestionan desde adentro a la alianza opositora: &#8220;Hay unidad en el radicalismo en la idea de fortalecer Juntos por el Cambio. No hay fisuras. Ni hay riesgo de ruptura&#8221;, se\u00f1al\u00f3.<\/p>\n","protected":false},"excerpt":{"rendered":"<p>El gobernador de Jujuy, Gerardo Morales, expres\u00f3 as\u00ed su deseo de que Mauricio Macri compita en la interna opositora en 2023, a quien adem\u00e1s le marc\u00f3 la cancha ya que&hellip; <\/p>\n","protected":false},"author":6,"featured_media":9824,"comment_status":"closed","ping_status":"open","sticky":false,"template":"","format":"standard","meta":{"footnotes":""},"categories":[3],"tags":[],"class_list":["post-9823","post","type-post","status-publish","format-standard","has-post-thumbnail","hentry","category-politica"],"_links":{"self":[{"href":"https:\/\/corrientesdetarde.com\/index.php\/wp-json\/wp\/v2\/posts\/9823","targetHints":{"allow":["GET"]}}],"collection":[{"href":"https:\/\/corrientesdetarde.com\/index.php\/wp-json\/wp\/v2\/posts"}],"about":[{"href":"https:\/\/corrientesdetarde.com\/index.php\/wp-json\/wp\/v2\/types\/post"}],"author":[{"embeddable":true,"href":"https:\/\/corrientesdetarde.com\/index.php\/wp-json\/wp\/v2\/users\/6"}],"replies":[{"embeddable":true,"href":"https:\/\/corrientesdetarde.com\/index.php\/wp-json\/wp\/v2\/comments?post=9823"}],"version-history":[{"count":1,"href":"https:\/\/corrientesdetarde.com\/index.php\/wp-json\/wp\/v2\/posts\/9823\/revisions"}],"predecessor-version":[{"id":9825,"href":"https:\/\/corrientesdetarde.com\/index.php\/wp-json\/wp\/v2\/posts\/9823\/revisions\/9825"}],"wp:featuredmedia":[{"embeddable":true,"href":"https:\/\/corrientesdetarde.com\/index.php\/wp-json\/wp\/v2\/media\/9824"}],"wp:attachment":[{"href":"https:\/\/corrientesdetarde.com\/index.php\/wp-json\/wp\/v2\/media?parent=9823"}],"wp:term":[{"taxonomy":"category","embeddable":true,"href":"https:\/\/corrientesdetarde.com\/index.php\/wp-json\/wp\/v2\/categories?post=9823"},{"taxonomy":"post_tag","embeddable":true,"href":"https:\/\/corrientesdetarde.com\/index.php\/wp-json\/wp\/v2\/tags?post=9823"}],"curies":[{"name":"wp","href":"https:\/\/api.w.org\/{rel}","templated":true}]}}