{"id":98379,"date":"2023-10-29T09:08:29","date_gmt":"2023-10-29T12:08:29","guid":{"rendered":"https:\/\/corrientesdetarde.com\/?p=98379"},"modified":"2023-10-29T09:08:30","modified_gmt":"2023-10-29T12:08:30","slug":"cierran-las-cataratas-del-iguazu-por-alerta-meteorologico","status":"publish","type":"post","link":"https:\/\/corrientesdetarde.com\/index.php\/sociales\/cierran-las-cataratas-del-iguazu-por-alerta-meteorologico\/","title":{"rendered":"Cierran las Cataratas del Iguaz\u00fa por alerta meteorol\u00f3gico"},"content":{"rendered":"\n<p>Debido al mal clima las autoridades del parque nacional decidieron cerrar, pero los operadores tur\u00edsticos consideran que ese no es motivo suficiente en un lugar donde es com\u00fan que llueva. Un conflicto con guardaparques de transfondo.<\/p>\n\n\n\n<p>Las autoridades de<strong>l Parque Nacional Iguaz\u00fa dispusieron el cierre del acceso a las Catarata por alerta meteorol\u00f3gico, ante el peligro que hay en el sector por las crecida del r\u00edo y el riesgo que haya un empeoramiento del clima.<\/strong><\/p>\n\n\n\n<p>En los hechos,&nbsp;<strong>es la primera vez en que se dispone el cierre del Parque por un alerta meteorol\u00f3gico, aunque debe enmarcarse en que Misiones soporta desde ya hace varios d\u00edas un clima impiadoso<\/strong>, y este s\u00e1bado la posibilidad de tormentas que se\u00f1ala el Servicio Meteorol\u00f3gico Nacional (SMN) superan el 90%.<\/p>\n\n\n\n<p>El cierre<strong>&nbsp;no tuvo anuncio oficial, aunque los operadores tur\u00edsticos de la zona ya hab\u00edan desactivado todas las actividades previstas para este s\u00e1bado, y la mira general apuntaba ahora a ver como estar\u00e1n las condiciones del tiempo ma\u00f1ana.<\/strong><\/p>\n\n\n\n<p>Al respecto, l<strong>os operadores tur\u00edsticos, se quejaron del \u201carbitrario y sorpresivo cierre del Parque Nacional Iguaz\u00fa, vinculado a lluvias torrenciales que ha causado m\u00e1s preocupaci\u00f3n a\u00fan\u201d.&nbsp;<\/strong><\/p>\n\n\n\n<p>\u201cLas lluvias son muy frecuentes en la Regi\u00f3n (y justamente le dan la caracter\u00edstica de selva a este lugar geogr\u00e1fico) nunca han sido motivo de cierres de toda el \u00c1rea Cataratas. El Parque Nacional Iguaz\u00fa es un recurso de inmenso valor para todos los argentinos y para el mundo entero\u201d, dijeron en un documento.<\/p>\n\n\n\n<p><strong>El 2 de noviembre, en tanto, las Cataratas estar\u00e1n cerradas por una protesta de guardaparques.<\/strong><\/p>\n\n\n\n<p>El motivo es una protesta de los sindicatos que aglutinan a los guardaparques que cuidan las Cataratas del Iguaz\u00fa, SIGUNARA, UPCN y ATE<strong>&nbsp;por el juicio que est\u00e1n realizando a cuatro colegas, procesados por la muerte de dos ni\u00f1os<\/strong>&nbsp;que fallecieron por la ca\u00edda de un \u00e1rbol en Jun\u00edn de los Andes.<\/p>\n\n\n\n<p>La medida es pol\u00e9mica porque los guardaparques no tienen \u201cjefes\u201d que decidan por encima de ellos, sino que en un Parque Nacional representan la m\u00e1xima autoridad con amplios poderes administrativos. Su misi\u00f3n es cuidar y defender algo que es patrimonio de todos los argentinos y nunca se dio que cerraran un \u00e1rea natural.<\/p>\n","protected":false},"excerpt":{"rendered":"<p>Debido al mal clima las autoridades del parque nacional decidieron cerrar, pero los operadores tur\u00edsticos consideran que ese no es motivo suficiente en un lugar donde es com\u00fan que llueva.&hellip; <\/p>\n","protected":false},"author":4,"featured_media":98401,"comment_status":"closed","ping_status":"open","sticky":false,"template":"","format":"standard","meta":{"footnotes":""},"categories":[23,17],"tags":[],"class_list":["post-98379","post","type-post","status-publish","format-standard","has-post-thumbnail","hentry","category-actualidad","category-sociales"],"_links":{"self":[{"href":"https:\/\/corrientesdetarde.com\/index.php\/wp-json\/wp\/v2\/posts\/98379","targetHints":{"allow":["GET"]}}],"collection":[{"href":"https:\/\/corrientesdetarde.com\/index.php\/wp-json\/wp\/v2\/posts"}],"about":[{"href":"https:\/\/corrientesdetarde.com\/index.php\/wp-json\/wp\/v2\/types\/post"}],"author":[{"embeddable":true,"href":"https:\/\/corrientesdetarde.com\/index.php\/wp-json\/wp\/v2\/users\/4"}],"replies":[{"embeddable":true,"href":"https:\/\/corrientesdetarde.com\/index.php\/wp-json\/wp\/v2\/comments?post=98379"}],"version-history":[{"count":1,"href":"https:\/\/corrientesdetarde.com\/index.php\/wp-json\/wp\/v2\/posts\/98379\/revisions"}],"predecessor-version":[{"id":98410,"href":"https:\/\/corrientesdetarde.com\/index.php\/wp-json\/wp\/v2\/posts\/98379\/revisions\/98410"}],"wp:featuredmedia":[{"embeddable":true,"href":"https:\/\/corrientesdetarde.com\/index.php\/wp-json\/wp\/v2\/media\/98401"}],"wp:attachment":[{"href":"https:\/\/corrientesdetarde.com\/index.php\/wp-json\/wp\/v2\/media?parent=98379"}],"wp:term":[{"taxonomy":"category","embeddable":true,"href":"https:\/\/corrientesdetarde.com\/index.php\/wp-json\/wp\/v2\/categories?post=98379"},{"taxonomy":"post_tag","embeddable":true,"href":"https:\/\/corrientesdetarde.com\/index.php\/wp-json\/wp\/v2\/tags?post=98379"}],"curies":[{"name":"wp","href":"https:\/\/api.w.org\/{rel}","templated":true}]}}