{"id":98380,"date":"2023-10-29T09:08:34","date_gmt":"2023-10-29T12:08:34","guid":{"rendered":"https:\/\/corrientesdetarde.com\/?p=98380"},"modified":"2023-10-29T09:08:35","modified_gmt":"2023-10-29T12:08:35","slug":"los-supermercados-admiten-que-sus-niveles-de-stock-estan-por-debajo-de-lo-normal","status":"publish","type":"post","link":"https:\/\/corrientesdetarde.com\/index.php\/economia\/los-supermercados-admiten-que-sus-niveles-de-stock-estan-por-debajo-de-lo-normal\/","title":{"rendered":"Los supermercados admiten que sus niveles de stock est\u00e1n &#8220;por debajo de lo normal&#8221;"},"content":{"rendered":"\n<p>El contexto de incertidumbre pol\u00edtica y econ\u00f3mica condicionan el normal abastecimiento de las g\u00f3ndolas. Hay expectativa por la renovaci\u00f3n de los acuerdos de precios.<\/p>\n\n\n\n<p>De acuerdo con un relevamiento del Instituto Nacional de Estad\u00edsticas y Censos (INDEC),&nbsp;<strong>tres de cada diez supermercados de Argentina reconocen que los niveles de stock est\u00e1n por debajo de lo normal.<\/strong><\/p>\n\n\n\n<p>Esta situaci\u00f3n se da en un&nbsp;<strong>contexto inflacionario,<\/strong>&nbsp;marcado por los&nbsp;<strong>acuerdos de precios<\/strong>&nbsp;gestionados por el Gobierno, que se ve afectado por la&nbsp;<strong>falta de combustibles<\/strong>&nbsp;y algunos&nbsp;<strong>problemas en la producci\u00f3n.<\/strong><\/p>\n\n\n\n<p>El dato sobre nivel de stock&nbsp;<strong>no implica necesariamente una condici\u00f3n de desabastecimiento,<\/strong>&nbsp;pero s\u00ed pone de manifiesto la&nbsp;<strong>dificultad por parte de las empresas para reponer algunos productos.<\/strong><\/p>\n\n\n\n<p>De acuerdo con el relevamiento realizado por el INDEC en super e hipermercados de todo el pa\u00eds,&nbsp;<strong>el 31,6% de las empresas considera que su stock de productos no alcanza el volumen normal,&nbsp;<\/strong>el 61,4% asegura que no tiene mayores inconvenientes y el 7% indica que est\u00e1 \u201cpor encima de lo normal\u201d.<\/p>\n\n\n\n<p>Del an\u00e1lisis de los datos surge&nbsp;<strong>que la tendencia se aceler\u00f3 a partir de mayo de 2022,<\/strong>&nbsp;cuando menos del 10% de los supermercados ten\u00edan problemas en el stock. Los n\u00fameros fueron empeorando con el correr de los meses y en los \u00faltimos informes se volvi\u00f3 normal ver el indicador por encima del 30%.<\/p>\n\n\n\n<p>Entre las principales preocupaciones de las empresas respecto a la reposici\u00f3n de mercader\u00edas, se encuentra&nbsp;<strong>la limitada actividad comercial<\/strong>&nbsp;del pa\u00eds en un&nbsp;<strong>contexto de incertidumbre pol\u00edtica y econ\u00f3mica<\/strong>&nbsp;relacionada a la contienda electoral, la&nbsp;<strong>inestabilidad de la demanda<\/strong>&nbsp;y el&nbsp;<strong>crecimiento de los costos laborales<\/strong>&nbsp;por el ajuste de algunas paritarias.<\/p>\n\n\n\n<p>Adem\u00e1s, persisten los&nbsp;<strong>problemas de producci\u00f3n asociados a la escasez de insumos del agro<\/strong>&nbsp;por la sequ\u00eda de la \u00faltima temporada.<\/p>\n\n\n\n<p>En este sentido,&nbsp;<strong>la capacidad de los supermercados para responder sin inconvenientes a la demanda de los pr\u00f3ximos meses<\/strong>&nbsp;se agrava por las expectativas de algunas empresas por la<strong>&nbsp;renovaci\u00f3n<\/strong>&nbsp;<strong>de los acuerdos de precios con el Gobierno,<\/strong>&nbsp;que deber\u00e1 darse en los pr\u00f3ximos d\u00edas, aunque no anticipan un cambio de escenario significativo.<\/p>\n\n\n\n<p>Seg\u00fan el informe,&nbsp;<strong>el 22,8% de las firmas consultadas por el INDEC respondieron que esperan un aumento del volumen de pedidos realizados por los proveedores,<\/strong>&nbsp;en tanto que el 61,4% sostiene que posiblemente se mantendr\u00e1 igual.<\/p>\n\n\n\n<p>Asimismo, el INDEC consult\u00f3 a las empresas sobre sus&nbsp;<strong>expectativas de ventas<\/strong>&nbsp;para los pr\u00f3ximos meses, hasta diciembre. En este sentido,&nbsp;<strong>apenas un 10,5% considera que sus ventas pueden crecer&nbsp;<\/strong>en los pr\u00f3ximos meses por algunos factores que impulsan la demanda, como el&nbsp;<strong>stockeo por la incertidumbre y las compras realizadas por los turistas extranjeros<\/strong>&nbsp;en las ciudades de frontera, que se ven favorecidos por las ventajas competitivas que ofrece el tipo de cambio.<\/p>\n\n\n\n<p>El resultado restante se divide entre un 56,1% que espera que el nivel de ventas se sostenga y un 33,3% que advierte que la demanda puede empeorar.<\/p>\n","protected":false},"excerpt":{"rendered":"<p>El contexto de incertidumbre pol\u00edtica y econ\u00f3mica condicionan el normal abastecimiento de las g\u00f3ndolas. Hay expectativa por la renovaci\u00f3n de los acuerdos de precios. De acuerdo con un relevamiento del&hellip; <\/p>\n","protected":false},"author":4,"featured_media":98400,"comment_status":"closed","ping_status":"open","sticky":false,"template":"","format":"standard","meta":{"footnotes":""},"categories":[20],"tags":[],"class_list":["post-98380","post","type-post","status-publish","format-standard","has-post-thumbnail","hentry","category-economia"],"_links":{"self":[{"href":"https:\/\/corrientesdetarde.com\/index.php\/wp-json\/wp\/v2\/posts\/98380","targetHints":{"allow":["GET"]}}],"collection":[{"href":"https:\/\/corrientesdetarde.com\/index.php\/wp-json\/wp\/v2\/posts"}],"about":[{"href":"https:\/\/corrientesdetarde.com\/index.php\/wp-json\/wp\/v2\/types\/post"}],"author":[{"embeddable":true,"href":"https:\/\/corrientesdetarde.com\/index.php\/wp-json\/wp\/v2\/users\/4"}],"replies":[{"embeddable":true,"href":"https:\/\/corrientesdetarde.com\/index.php\/wp-json\/wp\/v2\/comments?post=98380"}],"version-history":[{"count":1,"href":"https:\/\/corrientesdetarde.com\/index.php\/wp-json\/wp\/v2\/posts\/98380\/revisions"}],"predecessor-version":[{"id":98411,"href":"https:\/\/corrientesdetarde.com\/index.php\/wp-json\/wp\/v2\/posts\/98380\/revisions\/98411"}],"wp:featuredmedia":[{"embeddable":true,"href":"https:\/\/corrientesdetarde.com\/index.php\/wp-json\/wp\/v2\/media\/98400"}],"wp:attachment":[{"href":"https:\/\/corrientesdetarde.com\/index.php\/wp-json\/wp\/v2\/media?parent=98380"}],"wp:term":[{"taxonomy":"category","embeddable":true,"href":"https:\/\/corrientesdetarde.com\/index.php\/wp-json\/wp\/v2\/categories?post=98380"},{"taxonomy":"post_tag","embeddable":true,"href":"https:\/\/corrientesdetarde.com\/index.php\/wp-json\/wp\/v2\/tags?post=98380"}],"curies":[{"name":"wp","href":"https:\/\/api.w.org\/{rel}","templated":true}]}}