{"id":99047,"date":"2023-10-31T17:19:58","date_gmt":"2023-10-31T20:19:58","guid":{"rendered":"https:\/\/corrientesdetarde.com\/?p=99047"},"modified":"2023-10-31T17:20:09","modified_gmt":"2023-10-31T20:20:09","slug":"furor-por-el-whatsapp-negro-asi-se-activa-el-modo-secreto-de-la-app-que-es-tendencia-entre-los-usuarios","status":"publish","type":"post","link":"https:\/\/corrientesdetarde.com\/index.php\/tecnologia\/furor-por-el-whatsapp-negro-asi-se-activa-el-modo-secreto-de-la-app-que-es-tendencia-entre-los-usuarios\/","title":{"rendered":"Furor por el WhatsApp Negro: as\u00ed se activa el modo secreto de la app que es tendencia entre los usuarios"},"content":{"rendered":"\n<p>El\u00a0<strong>Modo negro<\/strong>\u00a0o\u00a0<em>total black<\/em>\u00a0de\u00a0<strong>WhatsApp\u00a0ya est\u00e1 disponible en la aplicaci\u00f3n de mensajer\u00eda<\/strong>. La opci\u00f3n es una\u00a0<strong>configuraci\u00f3n extrema del Modo oscuro<\/strong>\u00a0y es furor entre los usuarios de la plataforma.<\/p>\n\n\n\n<p>Lo mejor de esta funci\u00f3n es que\u00a0<strong>no hay que bajar ninguna otra app<\/strong>, realizar instalaciones o ser un hacker para poder implementarlo. Y esta modificaci\u00f3n<strong>\u00a0sirve para los chats individuales, grupales y tambi\u00e9n para las\u00a0videollamadas.<\/strong><\/p>\n\n\n\n<p><strong>El Modo oscuro<\/strong>\u00a0en WhatsApp es una de las funciones m\u00e1s usadas de la plataforma de mensajer\u00eda. Esta funci\u00f3n, adem\u00e1s de est\u00e9tica,\u00a0<strong>ayuda a reducir el consumo de\u00a0bater\u00eda<\/strong><strong>, favorece el descanso visual y adem\u00e1s ofrece m\u00e1s privacidad en espacios con poca luz.<\/strong><\/p>\n\n\n\n<figure class=\"wp-block-image\"><img decoding=\"async\" src=\"https:\/\/tn.com.ar\/resizer\/-6CdMTNXqnxrQ_PgLM5tFbvXkcI=\/767x0\/smart\/filters:format(webp)\/cloudfront-us-east-1.images.arcpublishing.com\/artear\/RNTV3XMYQVGXLLIH6LONESJMDA.jpg\" alt=\"El c\u00edrculo negro de WhatsApp y la llegada de los stickers. (Foto: AdobeStock)\"\/><figcaption>El c\u00edrculo negro de WhatsApp y la llegada de los stickers. (Foto: AdobeStock)<\/figcaption><\/figure>\n\n\n\n<p>Sin embargo, el Modo negro<strong>&nbsp;lleva al extremo la opci\u00f3n de oscurecer la pantalla en WhatsApp.<\/strong>&nbsp;Y<\/p>\n\n\n\n<h2 class=\"wp-block-heading\">C\u00f3mo activar el Modo negro de WhatsApp<\/h2>\n\n\n\n<ul class=\"wp-block-list\"><li>Para empezar, hay que activar el<strong>&nbsp;Modo oscuro&nbsp;<\/strong>en WhatsApp. Deber\u00e1s ingresar en&nbsp;<strong>Ajustes &gt; Chats &gt; Tema<\/strong>&nbsp;y ah\u00ed&nbsp;<strong>encontrar\u00e1s la opci\u00f3n.<\/strong><\/li><li>Con el Modo oscuro activado tendr\u00e1s que ir nuevamente a&nbsp;<strong>Ajustes &gt; Chats<\/strong>&nbsp;pero esta vez ingresar en la&nbsp;<strong>secci\u00f3n Fondo de pantalla.<\/strong><\/li><li>Ah\u00ed ver\u00e1s una barra con la que podr\u00e1s definir el contraste en que quer\u00e9s en el&nbsp;<em>wallpaper<\/em>\/fondo de pantalla.<\/li><li>La plataforma tambi\u00e9n permite si quer\u00e9s que el fondo de pantalla de WhatsApp tenga figuras o dibujos o que sea completamente liso.<\/li><li>En la opci\u00f3n de<strong>&nbsp;Fondo de pantalla<\/strong>&nbsp;del&nbsp;<strong>Modo oscuro<\/strong>, mov\u00e9 el selector al m\u00e1ximo contraste dentro del brillo del fondo de pantalla.<\/li><\/ul>\n\n\n\n<p>De esa manera, tu WhatsApp, adem\u00e1s de tener el\u00a0<strong>Modo oscuro<\/strong>, podr\u00e1s darle un aspecto\u00a0<em>total black<\/em>.<\/p>\n\n\n\n<h2 class=\"wp-block-heading\">Las ventajas del modo oscuro<\/h2>\n\n\n\n<p>La caracter\u00edstica, que tambi\u00e9n se la conoce como&nbsp;<strong>Modo nocturno, S\u00faper oscuro, Modo Negro o<\/strong><em><strong>&nbsp;Total Black,&nbsp;<\/strong><\/em>es usualmente opcional. O sea, no llega por defecto y por eso debe activarse desde los respectivos paneles de configuraci\u00f3n.<\/p>\n\n\n\n<p>El mayor beneficio de&nbsp;<em>lado oscuro de las apps&nbsp;<\/em>es que en tiempos en los que las pantallas ganaron un amplio protagonismo en nuestras vidas, trata de&nbsp;<strong>cuidar la salud visual .&nbsp;<\/strong>Son muchos los estudios que advierten acerca de&nbsp;<strong>los riesgos que implica la exposici\u00f3n prolongada a la luz de las pantallas<\/strong>, celulares incluidos.<\/p>\n\n\n\n<p><strong>El otro beneficio es el\u00a0ahorro de la bater\u00eda:<\/strong>\u00a0con menos brillo la pantalla consume menos energ\u00eda. Tambi\u00e9n muchos afirman que sirve para que los curiosos puedan mirar lo que estamos viendo en el celular.<\/p>\n","protected":false},"excerpt":{"rendered":"<p>El\u00a0Modo negro\u00a0o\u00a0total black\u00a0de\u00a0WhatsApp\u00a0ya est\u00e1 disponible en la aplicaci\u00f3n de mensajer\u00eda. La opci\u00f3n es una\u00a0configuraci\u00f3n extrema del Modo oscuro\u00a0y es furor entre los usuarios de la plataforma. Lo mejor de esta&hellip; <\/p>\n","protected":false},"author":12,"featured_media":99048,"comment_status":"closed","ping_status":"open","sticky":false,"template":"","format":"standard","meta":{"footnotes":""},"categories":[24],"tags":[],"class_list":["post-99047","post","type-post","status-publish","format-standard","has-post-thumbnail","hentry","category-tecnologia"],"_links":{"self":[{"href":"https:\/\/corrientesdetarde.com\/index.php\/wp-json\/wp\/v2\/posts\/99047","targetHints":{"allow":["GET"]}}],"collection":[{"href":"https:\/\/corrientesdetarde.com\/index.php\/wp-json\/wp\/v2\/posts"}],"about":[{"href":"https:\/\/corrientesdetarde.com\/index.php\/wp-json\/wp\/v2\/types\/post"}],"author":[{"embeddable":true,"href":"https:\/\/corrientesdetarde.com\/index.php\/wp-json\/wp\/v2\/users\/12"}],"replies":[{"embeddable":true,"href":"https:\/\/corrientesdetarde.com\/index.php\/wp-json\/wp\/v2\/comments?post=99047"}],"version-history":[{"count":1,"href":"https:\/\/corrientesdetarde.com\/index.php\/wp-json\/wp\/v2\/posts\/99047\/revisions"}],"predecessor-version":[{"id":99049,"href":"https:\/\/corrientesdetarde.com\/index.php\/wp-json\/wp\/v2\/posts\/99047\/revisions\/99049"}],"wp:featuredmedia":[{"embeddable":true,"href":"https:\/\/corrientesdetarde.com\/index.php\/wp-json\/wp\/v2\/media\/99048"}],"wp:attachment":[{"href":"https:\/\/corrientesdetarde.com\/index.php\/wp-json\/wp\/v2\/media?parent=99047"}],"wp:term":[{"taxonomy":"category","embeddable":true,"href":"https:\/\/corrientesdetarde.com\/index.php\/wp-json\/wp\/v2\/categories?post=99047"},{"taxonomy":"post_tag","embeddable":true,"href":"https:\/\/corrientesdetarde.com\/index.php\/wp-json\/wp\/v2\/tags?post=99047"}],"curies":[{"name":"wp","href":"https:\/\/api.w.org\/{rel}","templated":true}]}}