{"id":99053,"date":"2023-10-31T17:47:28","date_gmt":"2023-10-31T20:47:28","guid":{"rendered":"https:\/\/corrientesdetarde.com\/?p=99053"},"modified":"2023-10-31T17:48:07","modified_gmt":"2023-10-31T20:48:07","slug":"en-paris-aparecieron-casas-marcadas-con-estrellas-de-david-y-la-justicia-busca-a-los-culpables","status":"publish","type":"post","link":"https:\/\/corrientesdetarde.com\/index.php\/internacionales\/en-paris-aparecieron-casas-marcadas-con-estrellas-de-david-y-la-justicia-busca-a-los-culpables\/","title":{"rendered":"En Par\u00eds aparecieron casas marcadas con estrellas de David y la Justicia busca a los culpables"},"content":{"rendered":"\n<p>En medio de\u00a0la guerra en Gaza, la fiscal\u00eda de Par\u00eds investigar\u00e1 la aparici\u00f3n de estrellas de David, s\u00edmbolo de la religi\u00f3n jud\u00eda y del Estado de Israel,\u00a0<strong>pintadas sobre las fachadas de varios edificios de la capital francesa.<\/strong><\/p>\n\n\n\n<p>La comisar\u00eda de polic\u00eda del distrito XIV, un barrio del sur parisino, donde aparecieron las pintadas, est\u00e1 investigando el origen de las estrellas de David azules por da\u00f1os a la propiedad ajena, agravados por haber sido cometidos por motivos de origen, raza, etnia o religi\u00f3n, indic\u00f3 la fiscal\u00eda.<\/p>\n\n\n\n<p>Este delito conlleva una pena m\u00e1xima de cuatro a\u00f1os de prisi\u00f3n y de 30.000 euros (31.800 d\u00f3lares) de multa.<\/p>\n\n\n\n<h2 class=\"wp-block-heading\">En Francia hubo m\u00e1s de 2500 denuncias por actos antisemitas desde el comienzo de la guerra entre Israel y Hamas<\/h2>\n\n\n\n<p>Desde\u00a0el brutal ataque de Ham\u00e1s contra Israel, el 7 de octubre, se registraron en Francia<strong>\u00a02500 denuncias por actos antisemitas,<\/strong>\u00a0seg\u00fan el ministerio del Interior.<\/p>\n\n\n\n<p>El domingo, el ministro franc\u00e9s de Justicia,&nbsp;<strong>Eric Dupond-Moretti<\/strong>, indic\u00f3 que m\u00e1s de 400 personas fueron detenidas en relaci\u00f3n con estos \u201cactos antisemitas\u201d.<\/p>\n\n\n\n<figure class=\"wp-block-image\"><img decoding=\"async\" src=\"https:\/\/tn.com.ar\/resizer\/zffMbWl7SuLKXouG5M593s286r0=\/767x0\/smart\/filters:format(webp)\/cloudfront-us-east-1.images.arcpublishing.com\/artear\/JL3YJZV6KBDL3CYFAHL74TECJA.jfif\" alt=\"Las estrellas de David pintadas en las fachadas de casas y edificios aparecieron en el sur de par\u00eds (Foto: AP)\"\/><figcaption>Las estrellas de David pintadas en las fachadas de casas y edificios aparecieron en el sur de par\u00eds (Foto: AP)<\/figcaption><\/figure>\n\n\n\n<p>La alcaldesa del distrito XIV,&nbsp;<strong>Carine Petit<\/strong>, denunci\u00f3 las pintadas como \u201c<strong>actos antisemitas y racistas<\/strong>\u201d, en la red social X (antes conocida como Twitter).<\/p>\n\n\n\n<p>\u201cEste acto de marcaje recuerda los m\u00e9todos de los a\u00f1os 1930 y de la Segunda Guerra Mundial que condujeron al exterminio de millones de jud\u00edos\u201d, denunci\u00f3.<\/p>\n\n\n\n<p>\u201cLas personas que hicieron esto buscan claramente aterrorizar\u201d, declar\u00f3 a&nbsp;<em>AFP&nbsp;<\/em>Samuel Lejoyeux, presidente de la Uni\u00f3n de Estudiantes Jud\u00edos de Francia (UEJF).<\/p>\n\n\n\n<p>Pintadas similares aparecieron el fin de semana pasado en barrios de las afueras de Par\u00eds, acompa\u00f1ados de frases como \u201cDel mar al Jord\u00e1n, Palestina vencer\u00e1\u201d.<\/p>\n","protected":false},"excerpt":{"rendered":"<p>En medio de\u00a0la guerra en Gaza, la fiscal\u00eda de Par\u00eds investigar\u00e1 la aparici\u00f3n de estrellas de David, s\u00edmbolo de la religi\u00f3n jud\u00eda y del Estado de Israel,\u00a0pintadas sobre las fachadas&hellip; <\/p>\n","protected":false},"author":12,"featured_media":99057,"comment_status":"closed","ping_status":"open","sticky":false,"template":"","format":"standard","meta":{"footnotes":""},"categories":[11],"tags":[],"class_list":["post-99053","post","type-post","status-publish","format-standard","has-post-thumbnail","hentry","category-internacionales"],"_links":{"self":[{"href":"https:\/\/corrientesdetarde.com\/index.php\/wp-json\/wp\/v2\/posts\/99053","targetHints":{"allow":["GET"]}}],"collection":[{"href":"https:\/\/corrientesdetarde.com\/index.php\/wp-json\/wp\/v2\/posts"}],"about":[{"href":"https:\/\/corrientesdetarde.com\/index.php\/wp-json\/wp\/v2\/types\/post"}],"author":[{"embeddable":true,"href":"https:\/\/corrientesdetarde.com\/index.php\/wp-json\/wp\/v2\/users\/12"}],"replies":[{"embeddable":true,"href":"https:\/\/corrientesdetarde.com\/index.php\/wp-json\/wp\/v2\/comments?post=99053"}],"version-history":[{"count":2,"href":"https:\/\/corrientesdetarde.com\/index.php\/wp-json\/wp\/v2\/posts\/99053\/revisions"}],"predecessor-version":[{"id":99059,"href":"https:\/\/corrientesdetarde.com\/index.php\/wp-json\/wp\/v2\/posts\/99053\/revisions\/99059"}],"wp:featuredmedia":[{"embeddable":true,"href":"https:\/\/corrientesdetarde.com\/index.php\/wp-json\/wp\/v2\/media\/99057"}],"wp:attachment":[{"href":"https:\/\/corrientesdetarde.com\/index.php\/wp-json\/wp\/v2\/media?parent=99053"}],"wp:term":[{"taxonomy":"category","embeddable":true,"href":"https:\/\/corrientesdetarde.com\/index.php\/wp-json\/wp\/v2\/categories?post=99053"},{"taxonomy":"post_tag","embeddable":true,"href":"https:\/\/corrientesdetarde.com\/index.php\/wp-json\/wp\/v2\/tags?post=99053"}],"curies":[{"name":"wp","href":"https:\/\/api.w.org\/{rel}","templated":true}]}}