{"id":99060,"date":"2023-10-31T17:51:26","date_gmt":"2023-10-31T20:51:26","guid":{"rendered":"https:\/\/corrientesdetarde.com\/?p=99060"},"modified":"2023-10-31T17:51:38","modified_gmt":"2023-10-31T20:51:38","slug":"futbol-de-talla-baja-correntinos-participaron-de-un-torneo-preparatorio-de-cara-al-mundial","status":"publish","type":"post","link":"https:\/\/corrientesdetarde.com\/index.php\/informacion-general\/futbol-de-talla-baja-correntinos-participaron-de-un-torneo-preparatorio-de-cara-al-mundial\/","title":{"rendered":"F\u00fatbol de Talla Baja: Correntinos participaron de un torneo preparatorio de cara al Mundial"},"content":{"rendered":"\n<p><\/p>\n\n\n\n<p>La Selecci\u00f3n Correntina de Talla Baja particip\u00f3 recientemente en la Copa Argentina de Talla Baja, que se realiz\u00f3 en Santa Mar\u00eda, Catamarca. Al regreso de la competencia, tres miembros del plantel fueron recibidos por el secretario de Deportes de la Provincia, Jorge Terrile.<\/p>\n\n\n\n<p>Al respecto, el jugador correntino Facundo Rojas coment\u00f3 que fue un torneo de tipo preparatorio, con la participaci\u00f3n de equipos de 16 provincias y vidriera para nuevos jugadores de cara al Mundial de Talla Baja, que se jugar\u00e1 del 6 al 12 de noviembre en la ciudad de Buenos Aires. Cabe recordar que la Selecci\u00f3n Argentina que participar\u00e1 en el Mundial de F\u00fatbol de Talla Baja contar\u00e1 entre sus filas con tres correntinos: el reciente mencionado Facundo Rojas, Agust\u00edn Ledesma y Nicol\u00e1s Romero.<\/p>\n\n\n\n<p>Todos los encuentros se disputar\u00e1n en el Estadio Cubierto \u201cMalvinas Argentinas\u201d de Argentinos Juniors.<\/p>\n\n\n\n<p><\/p>\n","protected":false},"excerpt":{"rendered":"<p>La Selecci\u00f3n Correntina de Talla Baja particip\u00f3 recientemente en la Copa Argentina de Talla Baja, que se realiz\u00f3 en Santa Mar\u00eda, Catamarca. Al regreso de la competencia, tres miembros del&hellip; <\/p>\n","protected":false},"author":12,"featured_media":99061,"comment_status":"closed","ping_status":"open","sticky":false,"template":"","format":"standard","meta":{"footnotes":""},"categories":[1],"tags":[],"class_list":["post-99060","post","type-post","status-publish","format-standard","has-post-thumbnail","hentry","category-informacion-general"],"_links":{"self":[{"href":"https:\/\/corrientesdetarde.com\/index.php\/wp-json\/wp\/v2\/posts\/99060","targetHints":{"allow":["GET"]}}],"collection":[{"href":"https:\/\/corrientesdetarde.com\/index.php\/wp-json\/wp\/v2\/posts"}],"about":[{"href":"https:\/\/corrientesdetarde.com\/index.php\/wp-json\/wp\/v2\/types\/post"}],"author":[{"embeddable":true,"href":"https:\/\/corrientesdetarde.com\/index.php\/wp-json\/wp\/v2\/users\/12"}],"replies":[{"embeddable":true,"href":"https:\/\/corrientesdetarde.com\/index.php\/wp-json\/wp\/v2\/comments?post=99060"}],"version-history":[{"count":1,"href":"https:\/\/corrientesdetarde.com\/index.php\/wp-json\/wp\/v2\/posts\/99060\/revisions"}],"predecessor-version":[{"id":99062,"href":"https:\/\/corrientesdetarde.com\/index.php\/wp-json\/wp\/v2\/posts\/99060\/revisions\/99062"}],"wp:featuredmedia":[{"embeddable":true,"href":"https:\/\/corrientesdetarde.com\/index.php\/wp-json\/wp\/v2\/media\/99061"}],"wp:attachment":[{"href":"https:\/\/corrientesdetarde.com\/index.php\/wp-json\/wp\/v2\/media?parent=99060"}],"wp:term":[{"taxonomy":"category","embeddable":true,"href":"https:\/\/corrientesdetarde.com\/index.php\/wp-json\/wp\/v2\/categories?post=99060"},{"taxonomy":"post_tag","embeddable":true,"href":"https:\/\/corrientesdetarde.com\/index.php\/wp-json\/wp\/v2\/tags?post=99060"}],"curies":[{"name":"wp","href":"https:\/\/api.w.org\/{rel}","templated":true}]}}