{"id":99063,"date":"2023-10-31T17:55:38","date_gmt":"2023-10-31T20:55:38","guid":{"rendered":"https:\/\/corrientesdetarde.com\/?p=99063"},"modified":"2023-10-31T17:55:45","modified_gmt":"2023-10-31T20:55:45","slug":"alberto-paso-por-la-rosada-para-despejar-rumores-y-massa-tiene-reclamos-por-falta-de-nafta-e-insumos-medicos","status":"publish","type":"post","link":"https:\/\/corrientesdetarde.com\/index.php\/politica\/alberto-paso-por-la-rosada-para-despejar-rumores-y-massa-tiene-reclamos-por-falta-de-nafta-e-insumos-medicos\/","title":{"rendered":"Alberto pas\u00f3 por la Rosada para despejar rumores y Massa tiene reclamos por falta de nafta e insumos m\u00e9dicos"},"content":{"rendered":"\n<p><strong>Por Juan Pablo Peralta desde Casa Rosada<\/strong><\/p>\n\n\n\n<p>El presidente Alberto Fern\u00e1ndez, cuyo entorno viene desmintiendo rumores sobre la situaci\u00f3n que atraviesa aislado de la gesti\u00f3n y de la campa\u00f1a, estuvo este martes en Casa Rosada (en la foto, junto al intendente electo de la capital bonaerense, Julio Alak) pero sin que se diera a conocer su actividad. Ma\u00f1ana quiz\u00e1s vuelva a encabezar alg\u00fan acto en la provincia de Buenos Aires y dar se\u00f1ales p\u00fablicas sobre su presencia como jefe de Estado. Por su parte, el ministro de Econom\u00eda y candidato oficialista, Sergio Massa, presiona para que se normalice el abastecimiento de combustibles que genera movilizaciones desde los sectores agroexportadores.<\/p>\n\n\n\n<figure class=\"wp-block-embed is-type-video is-provider-youtube wp-block-embed-youtube wp-embed-aspect-16-9 wp-has-aspect-ratio\"><div class=\"wp-block-embed__wrapper\">\n<iframe loading=\"lazy\" title=\"Alberto pas\u00f3 por Rosada a depejar rumores y Massa tiene reclamos de falta de nafta e insumos m\u00e9dicos\" width=\"1110\" height=\"624\" src=\"https:\/\/www.youtube.com\/embed\/m8qc8yscglU?feature=oembed\" frameborder=\"0\" allow=\"accelerometer; autoplay; clipboard-write; encrypted-media; gyroscope; picture-in-picture; web-share\" allowfullscreen><\/iframe>\n<\/div><\/figure>\n\n\n\n<p>El jefe de Hacienda tambi\u00e9n tiene reclamos desde el \u00e1rea de Salud por falta de insumos m\u00e9dicos en lugares cr\u00edticos como las terapias intensivas, la atenci\u00f3n cardiol\u00f3gica y de oncolog\u00eda, entre otras, debido al cepo a las importaciones. Por estas horas, Massa abona al FMI vencimientos por 3.400 millones de d\u00f3lares con parte del \u00faltimo swap chino y sigue en campa\u00f1a participando en actos con radicales que lo apoyan, y contestando a la oposici\u00f3n desde la Uni\u00f3n Industrial Argentina.<\/p>\n","protected":false},"excerpt":{"rendered":"<p>Por Juan Pablo Peralta desde Casa Rosada El presidente Alberto Fern\u00e1ndez, cuyo entorno viene desmintiendo rumores sobre la situaci\u00f3n que atraviesa aislado de la gesti\u00f3n y de la campa\u00f1a, estuvo&hellip; <\/p>\n","protected":false},"author":11,"featured_media":99064,"comment_status":"closed","ping_status":"open","sticky":false,"template":"","format":"standard","meta":{"footnotes":""},"categories":[10,3],"tags":[],"class_list":["post-99063","post","type-post","status-publish","format-standard","has-post-thumbnail","hentry","category-nacionales","category-politica"],"_links":{"self":[{"href":"https:\/\/corrientesdetarde.com\/index.php\/wp-json\/wp\/v2\/posts\/99063","targetHints":{"allow":["GET"]}}],"collection":[{"href":"https:\/\/corrientesdetarde.com\/index.php\/wp-json\/wp\/v2\/posts"}],"about":[{"href":"https:\/\/corrientesdetarde.com\/index.php\/wp-json\/wp\/v2\/types\/post"}],"author":[{"embeddable":true,"href":"https:\/\/corrientesdetarde.com\/index.php\/wp-json\/wp\/v2\/users\/11"}],"replies":[{"embeddable":true,"href":"https:\/\/corrientesdetarde.com\/index.php\/wp-json\/wp\/v2\/comments?post=99063"}],"version-history":[{"count":1,"href":"https:\/\/corrientesdetarde.com\/index.php\/wp-json\/wp\/v2\/posts\/99063\/revisions"}],"predecessor-version":[{"id":99065,"href":"https:\/\/corrientesdetarde.com\/index.php\/wp-json\/wp\/v2\/posts\/99063\/revisions\/99065"}],"wp:featuredmedia":[{"embeddable":true,"href":"https:\/\/corrientesdetarde.com\/index.php\/wp-json\/wp\/v2\/media\/99064"}],"wp:attachment":[{"href":"https:\/\/corrientesdetarde.com\/index.php\/wp-json\/wp\/v2\/media?parent=99063"}],"wp:term":[{"taxonomy":"category","embeddable":true,"href":"https:\/\/corrientesdetarde.com\/index.php\/wp-json\/wp\/v2\/categories?post=99063"},{"taxonomy":"post_tag","embeddable":true,"href":"https:\/\/corrientesdetarde.com\/index.php\/wp-json\/wp\/v2\/tags?post=99063"}],"curies":[{"name":"wp","href":"https:\/\/api.w.org\/{rel}","templated":true}]}}