{"id":99071,"date":"2023-10-31T20:39:35","date_gmt":"2023-10-31T23:39:35","guid":{"rendered":"https:\/\/corrientesdetarde.com\/?p=99071"},"modified":"2023-10-31T20:39:48","modified_gmt":"2023-10-31T23:39:48","slug":"una-mujer-con-hiyab-fue-baleada-por-la-policia-en-el-metro-de-paris-y-quedo-en-estado-critico","status":"publish","type":"post","link":"https:\/\/corrientesdetarde.com\/index.php\/internacionales\/una-mujer-con-hiyab-fue-baleada-por-la-policia-en-el-metro-de-paris-y-quedo-en-estado-critico\/","title":{"rendered":"Una mujer con hiyab fue baleada por la Polic\u00eda en el Metro de Par\u00eds y qued\u00f3 en estado cr\u00edtico"},"content":{"rendered":"\n<p>Los viajeros informaron que se comportaba de manera\u00a0amenazante, de acuerdo con medios locales.<\/p>\n\n\n\n<p>La Polic\u00eda dispar\u00f3 e hiri\u00f3&nbsp;gravemente a una mujer que llevaba un hiyab en una estaci\u00f3n de&nbsp;metro de Par\u00eds este martes por la ma\u00f1ana, seg\u00fan difundieron medios locales,&nbsp;despu\u00e9s de que<strong>&nbsp;los viajeros informaron que se comportaba de manera&nbsp;amenazante.<\/strong><\/p>\n\n\n\n<p><strong>&#8220;Por miedo a su propia seguridad, los agentes de polic\u00eda&nbsp;utilizaron sus armas&#8221;,<\/strong>&nbsp;se\u00f1al\u00f3 un portavoz policial a la agencia de&nbsp;noticias Reuters.<\/p>\n\n\n\n<p>El portavoz<strong>&nbsp;no pudo precisar qu\u00e9 fue lo que impuls\u00f3 a los&nbsp;agentes a dispararle en el comportamiento de la mujer&nbsp;<\/strong><strong>&#8220;completamente cubierta con el velo&#8221;<\/strong>&nbsp;en la estaci\u00f3n de la&nbsp;Biblioteca Nacional de Francia.<\/p>\n\n\n\n<p>El servicio de bomberos, que brind\u00f3 atenci\u00f3n de emergencia&nbsp;a la mujer, comunic\u00f3 que&nbsp;<strong>ella recibi\u00f3 un impacto de bala en el&nbsp;<\/strong><strong>abdomen.<\/strong><\/p>\n\n\n\n<p><strong>Fue trasladada a un hospital cercano<\/strong>, ampli\u00f3 un portavoz de los&nbsp;bomberos.<\/p>\n\n\n\n<p>La emisora \u200b\u200bBFM TV y el diario Le Parisien citaron anteriormente&nbsp;fuentes policiales seg\u00fan las cuales&nbsp;<strong>el comportamiento de la mujer&nbsp;indicaba una posible motivaci\u00f3n islamista &#8220;terrorista&#8221;.<\/strong><\/p>\n\n\n\n<p><strong>La estaci\u00f3n de metro fue evacuada<\/strong>, complet\u00f3 la Polic\u00eda.<\/p>\n","protected":false},"excerpt":{"rendered":"<p>Los viajeros informaron que se comportaba de manera\u00a0amenazante, de acuerdo con medios locales. La Polic\u00eda dispar\u00f3 e hiri\u00f3&nbsp;gravemente a una mujer que llevaba un hiyab en una estaci\u00f3n de&nbsp;metro de&hellip; <\/p>\n","protected":false},"author":4,"featured_media":99077,"comment_status":"closed","ping_status":"open","sticky":false,"template":"","format":"standard","meta":{"footnotes":""},"categories":[11],"tags":[],"class_list":["post-99071","post","type-post","status-publish","format-standard","has-post-thumbnail","hentry","category-internacionales"],"_links":{"self":[{"href":"https:\/\/corrientesdetarde.com\/index.php\/wp-json\/wp\/v2\/posts\/99071","targetHints":{"allow":["GET"]}}],"collection":[{"href":"https:\/\/corrientesdetarde.com\/index.php\/wp-json\/wp\/v2\/posts"}],"about":[{"href":"https:\/\/corrientesdetarde.com\/index.php\/wp-json\/wp\/v2\/types\/post"}],"author":[{"embeddable":true,"href":"https:\/\/corrientesdetarde.com\/index.php\/wp-json\/wp\/v2\/users\/4"}],"replies":[{"embeddable":true,"href":"https:\/\/corrientesdetarde.com\/index.php\/wp-json\/wp\/v2\/comments?post=99071"}],"version-history":[{"count":1,"href":"https:\/\/corrientesdetarde.com\/index.php\/wp-json\/wp\/v2\/posts\/99071\/revisions"}],"predecessor-version":[{"id":99078,"href":"https:\/\/corrientesdetarde.com\/index.php\/wp-json\/wp\/v2\/posts\/99071\/revisions\/99078"}],"wp:featuredmedia":[{"embeddable":true,"href":"https:\/\/corrientesdetarde.com\/index.php\/wp-json\/wp\/v2\/media\/99077"}],"wp:attachment":[{"href":"https:\/\/corrientesdetarde.com\/index.php\/wp-json\/wp\/v2\/media?parent=99071"}],"wp:term":[{"taxonomy":"category","embeddable":true,"href":"https:\/\/corrientesdetarde.com\/index.php\/wp-json\/wp\/v2\/categories?post=99071"},{"taxonomy":"post_tag","embeddable":true,"href":"https:\/\/corrientesdetarde.com\/index.php\/wp-json\/wp\/v2\/tags?post=99071"}],"curies":[{"name":"wp","href":"https:\/\/api.w.org\/{rel}","templated":true}]}}