{"id":99072,"date":"2023-10-31T20:31:45","date_gmt":"2023-10-31T23:31:45","guid":{"rendered":"https:\/\/corrientesdetarde.com\/?p=99072"},"modified":"2023-10-31T20:31:48","modified_gmt":"2023-10-31T23:31:48","slug":"causa-dalessio-un-testigo-no-fue-a-declarar-porque-no-consiguio-nafta","status":"publish","type":"post","link":"https:\/\/corrientesdetarde.com\/index.php\/politica\/causa-dalessio-un-testigo-no-fue-a-declarar-porque-no-consiguio-nafta\/","title":{"rendered":"Causa D\u2019Alessio: un testigo no fue a declarar porque no consigui\u00f3 nafta"},"content":{"rendered":"\n<p>Es C\u00e9sar Fern\u00e1ndez, el administrador del balneario CR, de Pinamar, donde se reunieron D&#8217;Alessio y el fiscal Carlos Stornelli.<\/p>\n\n\n\n<p>Uno de los testigos que deb\u00eda declarar hoy en el juicio oral contra\u00a0<strong>el falso abogado Marcelo D\u2019Alessio<\/strong>\u00a0no se present\u00f3 porque, seg\u00fan uno de sus colaboradores,\u00a0<strong>no pudo cargar combustible<\/strong>\u00a0en su autom\u00f3vil.<\/p>\n\n\n\n<p>Se trata del administrador del balneario CR, de la localidad bonaerense de Pinamar,&nbsp;<strong>C\u00e9sar Fern\u00e1ndez<\/strong>, quien hab\u00eda sido convocado para contar los pormenores de&nbsp;<strong>una reuni\u00f3n entre el fiscal Carlos Stornelli y D\u2019Alessio en ese lugar.<\/strong><\/p>\n\n\n\n<p>Fern\u00e1ndez ya hab\u00eda declarado durante la etapa de instrucci\u00f3n de la causa, en 2021, y se\u00f1al\u00f3 que aquel encuentro entre D\u2019Alessio y Stornelli fue \u201c<strong>una charla de caf\u00e9<\/strong>\u201d.<\/p>\n\n\n\n<p>Tambi\u00e9n alent\u00f3 la hip\u00f3tesis de una maniobra para&nbsp;<strong>perjudicar a Stornelli,<\/strong>&nbsp;puesto que record\u00f3 que dos personas (una de ellas presuntamente el productor agropecuario y denunciante en la causa,&nbsp;<strong>Pedro Etchebest<\/strong>) se ubicaron en un lugar alejado de la reuni\u00f3n y desde all\u00ed habr\u00edan tomado&nbsp;<strong>fotos y filmaciones<\/strong>&nbsp;utilizadas como prueba en la investigaci\u00f3n.<\/p>\n\n\n\n<p>Fern\u00e1ndez hab\u00eda sido convocado a propuesta del&nbsp;<strong>fiscal Marcelo Colombo<\/strong>&nbsp;pero a la hora de su declaraci\u00f3n no estaba en Comodoro Py 2002, donde se desarrolla el juicio.<\/p>\n\n\n\n<p>Desde la Secretar\u00eda del tribunal se comunicaron con el balneario CR y all\u00ed un empleado explic\u00f3 que Fern\u00e1ndez&nbsp;<strong>hab\u00eda tenido problemas para abastecerse de combustible<\/strong>, por el contexto de merma de la provisi\u00f3n a estaciones de servicio y largas filas de veh\u00edculos para el aprovisionamiento.<\/p>\n\n\n\n<p>El tribunal resolvi\u00f3 establecer un comp\u00e1s de espera para ver si Fern\u00e1ndez llegaba, pero ello no ocurri\u00f3 y&nbsp;<strong>la sesi\u00f3n de hoy del juicio se levant\u00f3.<\/strong><\/p>\n\n\n\n<p>Los jueces deber\u00e1n resolver ahora si vuelven a convocar a Fern\u00e1ndez o desisten de su testimonio.<\/p>\n\n\n\n<p>Durante la etapa de instrucci\u00f3n, ante el juez subrogante Mart\u00edn Bava, Fern\u00e1ndez hab\u00eda afirmado que la reuni\u00f3n en la confiter\u00eda de CR dur\u00f3 \u201c40 minutos, 50 minutos\u201d.<\/p>\n\n\n\n<p>\u201cFue una mesa de caf\u00e9, recuerdo que ese d\u00eda hac\u00eda mucho calor, un d\u00eda incre\u00edble, era un d\u00eda esos de Pinamar que no hay viento. Fue una charla de caf\u00e9, fue algo as\u00ed&nbsp;<strong>muy por arriba<\/strong>, m\u00e1s no recuerdo\u201d, declar\u00f3 en aquella oportunidad.<\/p>\n\n\n\n<p>El tribunal oral que juzga al falso abogado D\u2019Alessio resolvi\u00f3 tambi\u00e9n hoy&nbsp;<strong>tomar declaraci\u00f3n por Zoom desde el consulado argentino en Miami al denunciante Etchebest&nbsp;<\/strong>y a su esposa, Victoria Miglietta.<\/p>\n\n\n\n<p>Etchebest est\u00e1 radicado definitivamente en los Estados Unidos desde poco tiempo despu\u00e9s de formular la denuncia contra D\u2019Alessio.<\/p>\n","protected":false},"excerpt":{"rendered":"<p>Es C\u00e9sar Fern\u00e1ndez, el administrador del balneario CR, de Pinamar, donde se reunieron D&#8217;Alessio y el fiscal Carlos Stornelli. Uno de los testigos que deb\u00eda declarar hoy en el juicio&hellip; <\/p>\n","protected":false},"author":4,"featured_media":99073,"comment_status":"closed","ping_status":"open","sticky":false,"template":"","format":"standard","meta":{"footnotes":""},"categories":[3],"tags":[],"class_list":["post-99072","post","type-post","status-publish","format-standard","has-post-thumbnail","hentry","category-politica"],"_links":{"self":[{"href":"https:\/\/corrientesdetarde.com\/index.php\/wp-json\/wp\/v2\/posts\/99072","targetHints":{"allow":["GET"]}}],"collection":[{"href":"https:\/\/corrientesdetarde.com\/index.php\/wp-json\/wp\/v2\/posts"}],"about":[{"href":"https:\/\/corrientesdetarde.com\/index.php\/wp-json\/wp\/v2\/types\/post"}],"author":[{"embeddable":true,"href":"https:\/\/corrientesdetarde.com\/index.php\/wp-json\/wp\/v2\/users\/4"}],"replies":[{"embeddable":true,"href":"https:\/\/corrientesdetarde.com\/index.php\/wp-json\/wp\/v2\/comments?post=99072"}],"version-history":[{"count":1,"href":"https:\/\/corrientesdetarde.com\/index.php\/wp-json\/wp\/v2\/posts\/99072\/revisions"}],"predecessor-version":[{"id":99074,"href":"https:\/\/corrientesdetarde.com\/index.php\/wp-json\/wp\/v2\/posts\/99072\/revisions\/99074"}],"wp:featuredmedia":[{"embeddable":true,"href":"https:\/\/corrientesdetarde.com\/index.php\/wp-json\/wp\/v2\/media\/99073"}],"wp:attachment":[{"href":"https:\/\/corrientesdetarde.com\/index.php\/wp-json\/wp\/v2\/media?parent=99072"}],"wp:term":[{"taxonomy":"category","embeddable":true,"href":"https:\/\/corrientesdetarde.com\/index.php\/wp-json\/wp\/v2\/categories?post=99072"},{"taxonomy":"post_tag","embeddable":true,"href":"https:\/\/corrientesdetarde.com\/index.php\/wp-json\/wp\/v2\/tags?post=99072"}],"curies":[{"name":"wp","href":"https:\/\/api.w.org\/{rel}","templated":true}]}}