{"id":99205,"date":"2023-11-01T13:00:01","date_gmt":"2023-11-01T16:00:01","guid":{"rendered":"https:\/\/corrientesdetarde.com\/?p=99205"},"modified":"2023-11-01T13:00:07","modified_gmt":"2023-11-01T16:00:07","slug":"el-gobierno-de-corrientes-se-enfoca-en-las-obras-provinciales-ante-el-contexto-inflacionario","status":"publish","type":"post","link":"https:\/\/corrientesdetarde.com\/index.php\/politica\/el-gobierno-de-corrientes-se-enfoca-en-las-obras-provinciales-ante-el-contexto-inflacionario\/","title":{"rendered":"<strong>El Gobierno de Corrientes se enfoca en las obras provinciales ante el contexto inflacionario<\/strong>"},"content":{"rendered":"\n<p>Este martes hubo una reuni\u00f3n de Gabinete provincial encabezada por el gobernador Gustavo Vald\u00e9s. En la misma, se realiz\u00f3 un repaso por las obras en ejecuci\u00f3n y c\u00f3mo encararlas de aqu\u00ed a fin de a\u00f1o en un contexto econ\u00f3mico signado por la inflaci\u00f3n. El ministro de Coordinaci\u00f3n, Miguel Olivieri coment\u00f3 detalles del encuentro, resumiendo que lo que debe primar \u201ces el inter\u00e9s de todos los correntinos\u201d.<\/p>\n\n\n\n<p>\u201cSe sabe que la situaci\u00f3n del pa\u00eds est\u00e1 un poco complicada, as\u00ed que hablamos con cada uno de los ministerios qu\u00e9 obras ten\u00edan en marcha, sobre todo aquellas m\u00e1s importantes, y el gobernador nos pidi\u00f3 que se avancen y se terminen lo antes posible\u201d, declar\u00f3 Olivieri.<\/p>\n\n\n\n<p>El ministro aclar\u00f3 que solamente se habl\u00f3 del trabajo que se har\u00e1 hasta fin de a\u00f1o, y que lo del 2024 se ir\u00e1 proyectando. \u201cSeguramente con el pr\u00f3ximo presidente habr\u00e1 otras alternativas, ojal\u00e1 que este pueda mirar a Corrientes de una manera distinta de la que se viene mirando hasta ahora. Lo que debe primar es el inter\u00e9s de todos los correntinos\u201d, cerr\u00f3.<\/p>\n","protected":false},"excerpt":{"rendered":"<p>Este martes hubo una reuni\u00f3n de Gabinete provincial encabezada por el gobernador Gustavo Vald\u00e9s. En la misma, se realiz\u00f3 un repaso por las obras en ejecuci\u00f3n y c\u00f3mo encararlas de&hellip; <\/p>\n","protected":false},"author":8,"featured_media":99206,"comment_status":"closed","ping_status":"open","sticky":false,"template":"","format":"standard","meta":{"footnotes":""},"categories":[3],"tags":[],"class_list":["post-99205","post","type-post","status-publish","format-standard","has-post-thumbnail","hentry","category-politica"],"_links":{"self":[{"href":"https:\/\/corrientesdetarde.com\/index.php\/wp-json\/wp\/v2\/posts\/99205","targetHints":{"allow":["GET"]}}],"collection":[{"href":"https:\/\/corrientesdetarde.com\/index.php\/wp-json\/wp\/v2\/posts"}],"about":[{"href":"https:\/\/corrientesdetarde.com\/index.php\/wp-json\/wp\/v2\/types\/post"}],"author":[{"embeddable":true,"href":"https:\/\/corrientesdetarde.com\/index.php\/wp-json\/wp\/v2\/users\/8"}],"replies":[{"embeddable":true,"href":"https:\/\/corrientesdetarde.com\/index.php\/wp-json\/wp\/v2\/comments?post=99205"}],"version-history":[{"count":1,"href":"https:\/\/corrientesdetarde.com\/index.php\/wp-json\/wp\/v2\/posts\/99205\/revisions"}],"predecessor-version":[{"id":99207,"href":"https:\/\/corrientesdetarde.com\/index.php\/wp-json\/wp\/v2\/posts\/99205\/revisions\/99207"}],"wp:featuredmedia":[{"embeddable":true,"href":"https:\/\/corrientesdetarde.com\/index.php\/wp-json\/wp\/v2\/media\/99206"}],"wp:attachment":[{"href":"https:\/\/corrientesdetarde.com\/index.php\/wp-json\/wp\/v2\/media?parent=99205"}],"wp:term":[{"taxonomy":"category","embeddable":true,"href":"https:\/\/corrientesdetarde.com\/index.php\/wp-json\/wp\/v2\/categories?post=99205"},{"taxonomy":"post_tag","embeddable":true,"href":"https:\/\/corrientesdetarde.com\/index.php\/wp-json\/wp\/v2\/tags?post=99205"}],"curies":[{"name":"wp","href":"https:\/\/api.w.org\/{rel}","templated":true}]}}