{"id":99208,"date":"2023-11-01T13:14:20","date_gmt":"2023-11-01T16:14:20","guid":{"rendered":"https:\/\/corrientesdetarde.com\/?p=99208"},"modified":"2023-11-01T13:14:24","modified_gmt":"2023-11-01T16:14:24","slug":"el-ministro-olivieri-recibio-a-jardineros-del-colegio-santa-teresita-en-el-marco-de-angeles-somos","status":"publish","type":"post","link":"https:\/\/corrientesdetarde.com\/index.php\/sociales\/el-ministro-olivieri-recibio-a-jardineros-del-colegio-santa-teresita-en-el-marco-de-angeles-somos\/","title":{"rendered":"El ministro Olivieri recibi\u00f3 a jardineros del Colegio Santa Teresita en el marco de \u00c1ngeles Somos"},"content":{"rendered":"\n<p>En Casa de Gobierno, este lunes 01 de noviembre, el ministro de Planificaci\u00f3n y Coordinaci\u00f3n Miguel Olivieri, en representaci\u00f3n de la Provincia, recibi\u00f3 en el Sal\u00f3n Amarillo a m\u00e1s de 30 jardineros del Ipp 70 Colegio Santa Teresita. Los peque\u00f1os asistieron con la vestimenta de angelitos, acompa\u00f1ados de docentes y tutores. Esta tradici\u00f3n\u00a0correntina que se renueva y busca conservarse a\u00f1o tras a\u00f1o se denomina\u00a0\u201c\u00c1ngeles Somos\u201d.<\/p>\n\n\n\n<p>\u00c1ngeles Somos es una&nbsp;festividad cat\u00f3lica que se conmemora todos los primeros de noviembre, en el D\u00eda de Todos los Santos, en donde los ni\u00f1os recorren las calles pidiendo dulces.<\/p>\n\n\n\n<p>Al respecto,&nbsp;el ministro de Planificaci\u00f3n y Coordinaci\u00f3n, Miguel Olivieri, manifest\u00f3 que \u201cen todas las actividades que realiza el Gobierno los ni\u00f1os est\u00e1n como eje principal, uno los ve en las inauguraciones de jardines con peque\u00f1os de 4 y 5 a\u00f1os que realiza el Gobernador\u201d, y agreg\u00f3 que \u201ctodas las actividades son de forma igualitarias\u201d.<\/p>\n\n\n\n<p>\u201cApoyamos la b\u00fasqueda de revalorizar nuestras tradiciones, y veo que esto pasa m\u00e1s en el norte de la provincia, cumpliendo con nuestras tradiciones\u201d, destac\u00f3 Olivieri.<\/p>\n\n\n\n<p>Por \u00faltimo, el ministro destac\u00f3 la labor de los docentes por \u201cel trato que tienen con nuestros ni\u00f1os, que en esta tradici\u00f3n incorporan a los padres para mantener arraigados los valores de la familia unida\u201d.<\/p>\n\n\n\n<p>Finalizado el recibimiento, los peque\u00f1os recitaron una bendici\u00f3n y continuaron su rumbo en otras instituciones de la Ciudad de Corrientes, bendiciendo y pidiendo golosinas.<\/p>\n\n\n\n<figure class=\"wp-block-image size-full\"><img loading=\"lazy\" decoding=\"async\" width=\"980\" height=\"687\" src=\"https:\/\/corrientesdetarde.com\/wp-content\/uploads\/2023\/11\/WhatsApp-Image-2023-11-01-at-10.33.49-1.jpeg\" alt=\"\" class=\"wp-image-99209\" srcset=\"https:\/\/corrientesdetarde.com\/wp-content\/uploads\/2023\/11\/WhatsApp-Image-2023-11-01-at-10.33.49-1.jpeg 980w, https:\/\/corrientesdetarde.com\/wp-content\/uploads\/2023\/11\/WhatsApp-Image-2023-11-01-at-10.33.49-1-300x210.jpeg 300w, https:\/\/corrientesdetarde.com\/wp-content\/uploads\/2023\/11\/WhatsApp-Image-2023-11-01-at-10.33.49-1-768x538.jpeg 768w\" sizes=\"auto, (max-width: 980px) 100vw, 980px\" \/><\/figure>\n\n\n\n<figure class=\"wp-block-image size-full\"><img loading=\"lazy\" decoding=\"async\" width=\"980\" height=\"676\" src=\"https:\/\/corrientesdetarde.com\/wp-content\/uploads\/2023\/11\/WhatsApp-Image-2023-11-01-at-10.33.50-2.jpeg\" alt=\"\" class=\"wp-image-99211\" srcset=\"https:\/\/corrientesdetarde.com\/wp-content\/uploads\/2023\/11\/WhatsApp-Image-2023-11-01-at-10.33.50-2.jpeg 980w, https:\/\/corrientesdetarde.com\/wp-content\/uploads\/2023\/11\/WhatsApp-Image-2023-11-01-at-10.33.50-2-300x207.jpeg 300w, https:\/\/corrientesdetarde.com\/wp-content\/uploads\/2023\/11\/WhatsApp-Image-2023-11-01-at-10.33.50-2-768x530.jpeg 768w\" sizes=\"auto, (max-width: 980px) 100vw, 980px\" \/><\/figure>\n\n\n\n<figure class=\"wp-block-image size-large\"><img loading=\"lazy\" decoding=\"async\" width=\"1024\" height=\"683\" src=\"https:\/\/corrientesdetarde.com\/wp-content\/uploads\/2023\/11\/WhatsApp-Image-2023-11-01-at-10.33.50-1-1024x683.jpeg\" alt=\"\" class=\"wp-image-99216\" srcset=\"https:\/\/corrientesdetarde.com\/wp-content\/uploads\/2023\/11\/WhatsApp-Image-2023-11-01-at-10.33.50-1-1024x683.jpeg 1024w, https:\/\/corrientesdetarde.com\/wp-content\/uploads\/2023\/11\/WhatsApp-Image-2023-11-01-at-10.33.50-1-300x200.jpeg 300w, https:\/\/corrientesdetarde.com\/wp-content\/uploads\/2023\/11\/WhatsApp-Image-2023-11-01-at-10.33.50-1-768x512.jpeg 768w, https:\/\/corrientesdetarde.com\/wp-content\/uploads\/2023\/11\/WhatsApp-Image-2023-11-01-at-10.33.50-1.jpeg 1200w\" sizes=\"auto, (max-width: 1024px) 100vw, 1024px\" \/><\/figure>\n\n\n\n<figure class=\"wp-block-image size-large\"><img loading=\"lazy\" decoding=\"async\" width=\"1024\" height=\"683\" src=\"https:\/\/corrientesdetarde.com\/wp-content\/uploads\/2023\/11\/WhatsApp-Image-2023-11-01-at-10.33.50-1-1-1024x683.jpeg\" alt=\"\" class=\"wp-image-99218\" srcset=\"https:\/\/corrientesdetarde.com\/wp-content\/uploads\/2023\/11\/WhatsApp-Image-2023-11-01-at-10.33.50-1-1-1024x683.jpeg 1024w, https:\/\/corrientesdetarde.com\/wp-content\/uploads\/2023\/11\/WhatsApp-Image-2023-11-01-at-10.33.50-1-1-300x200.jpeg 300w, https:\/\/corrientesdetarde.com\/wp-content\/uploads\/2023\/11\/WhatsApp-Image-2023-11-01-at-10.33.50-1-1-768x512.jpeg 768w, https:\/\/corrientesdetarde.com\/wp-content\/uploads\/2023\/11\/WhatsApp-Image-2023-11-01-at-10.33.50-1-1.jpeg 1200w\" sizes=\"auto, (max-width: 1024px) 100vw, 1024px\" \/><\/figure>\n\n\n\n<figure class=\"wp-block-image size-large\"><img loading=\"lazy\" decoding=\"async\" width=\"1024\" height=\"683\" src=\"https:\/\/corrientesdetarde.com\/wp-content\/uploads\/2023\/11\/WhatsApp-Image-2023-11-01-at-10.33.51-2-1024x683.jpeg\" alt=\"\" class=\"wp-image-99214\" srcset=\"https:\/\/corrientesdetarde.com\/wp-content\/uploads\/2023\/11\/WhatsApp-Image-2023-11-01-at-10.33.51-2-1024x683.jpeg 1024w, https:\/\/corrientesdetarde.com\/wp-content\/uploads\/2023\/11\/WhatsApp-Image-2023-11-01-at-10.33.51-2-300x200.jpeg 300w, https:\/\/corrientesdetarde.com\/wp-content\/uploads\/2023\/11\/WhatsApp-Image-2023-11-01-at-10.33.51-2-768x512.jpeg 768w, https:\/\/corrientesdetarde.com\/wp-content\/uploads\/2023\/11\/WhatsApp-Image-2023-11-01-at-10.33.51-2.jpeg 1200w\" sizes=\"auto, (max-width: 1024px) 100vw, 1024px\" \/><\/figure>\n\n\n\n<figure class=\"wp-block-image size-large\"><img loading=\"lazy\" decoding=\"async\" width=\"1024\" height=\"683\" src=\"https:\/\/corrientesdetarde.com\/wp-content\/uploads\/2023\/11\/WhatsApp-Image-2023-11-01-at-10.33.51-1-1024x683.jpeg\" alt=\"\" class=\"wp-image-99215\" srcset=\"https:\/\/corrientesdetarde.com\/wp-content\/uploads\/2023\/11\/WhatsApp-Image-2023-11-01-at-10.33.51-1-1024x683.jpeg 1024w, https:\/\/corrientesdetarde.com\/wp-content\/uploads\/2023\/11\/WhatsApp-Image-2023-11-01-at-10.33.51-1-300x200.jpeg 300w, https:\/\/corrientesdetarde.com\/wp-content\/uploads\/2023\/11\/WhatsApp-Image-2023-11-01-at-10.33.51-1-768x512.jpeg 768w, https:\/\/corrientesdetarde.com\/wp-content\/uploads\/2023\/11\/WhatsApp-Image-2023-11-01-at-10.33.51-1.jpeg 1200w\" sizes=\"auto, (max-width: 1024px) 100vw, 1024px\" \/><\/figure>\n\n\n\n<figure class=\"wp-block-image size-large\"><img loading=\"lazy\" decoding=\"async\" width=\"1024\" height=\"683\" src=\"https:\/\/corrientesdetarde.com\/wp-content\/uploads\/2023\/11\/WhatsApp-Image-2023-11-01-at-10.33.51-1024x683.jpeg\" alt=\"\" class=\"wp-image-99212\" srcset=\"https:\/\/corrientesdetarde.com\/wp-content\/uploads\/2023\/11\/WhatsApp-Image-2023-11-01-at-10.33.51-1024x683.jpeg 1024w, https:\/\/corrientesdetarde.com\/wp-content\/uploads\/2023\/11\/WhatsApp-Image-2023-11-01-at-10.33.51-300x200.jpeg 300w, https:\/\/corrientesdetarde.com\/wp-content\/uploads\/2023\/11\/WhatsApp-Image-2023-11-01-at-10.33.51-768x512.jpeg 768w, https:\/\/corrientesdetarde.com\/wp-content\/uploads\/2023\/11\/WhatsApp-Image-2023-11-01-at-10.33.51.jpeg 1200w\" sizes=\"auto, (max-width: 1024px) 100vw, 1024px\" \/><\/figure>\n\n\n\n<figure class=\"wp-block-image size-large\"><img loading=\"lazy\" decoding=\"async\" width=\"1024\" height=\"683\" src=\"https:\/\/corrientesdetarde.com\/wp-content\/uploads\/2023\/11\/WhatsApp-Image-2023-11-01-at-10.33.49-1024x683.jpeg\" alt=\"\" class=\"wp-image-99217\" srcset=\"https:\/\/corrientesdetarde.com\/wp-content\/uploads\/2023\/11\/WhatsApp-Image-2023-11-01-at-10.33.49-1024x683.jpeg 1024w, https:\/\/corrientesdetarde.com\/wp-content\/uploads\/2023\/11\/WhatsApp-Image-2023-11-01-at-10.33.49-300x200.jpeg 300w, https:\/\/corrientesdetarde.com\/wp-content\/uploads\/2023\/11\/WhatsApp-Image-2023-11-01-at-10.33.49-768x512.jpeg 768w, https:\/\/corrientesdetarde.com\/wp-content\/uploads\/2023\/11\/WhatsApp-Image-2023-11-01-at-10.33.49.jpeg 1200w\" sizes=\"auto, (max-width: 1024px) 100vw, 1024px\" \/><\/figure>\n","protected":false},"excerpt":{"rendered":"<p>En Casa de Gobierno, este lunes 01 de noviembre, el ministro de Planificaci\u00f3n y Coordinaci\u00f3n Miguel Olivieri, en representaci\u00f3n de la Provincia, recibi\u00f3 en el Sal\u00f3n Amarillo a m\u00e1s de&hellip; <\/p>\n","protected":false},"author":8,"featured_media":99213,"comment_status":"closed","ping_status":"open","sticky":false,"template":"","format":"standard","meta":{"footnotes":""},"categories":[17],"tags":[],"class_list":["post-99208","post","type-post","status-publish","format-standard","has-post-thumbnail","hentry","category-sociales"],"_links":{"self":[{"href":"https:\/\/corrientesdetarde.com\/index.php\/wp-json\/wp\/v2\/posts\/99208","targetHints":{"allow":["GET"]}}],"collection":[{"href":"https:\/\/corrientesdetarde.com\/index.php\/wp-json\/wp\/v2\/posts"}],"about":[{"href":"https:\/\/corrientesdetarde.com\/index.php\/wp-json\/wp\/v2\/types\/post"}],"author":[{"embeddable":true,"href":"https:\/\/corrientesdetarde.com\/index.php\/wp-json\/wp\/v2\/users\/8"}],"replies":[{"embeddable":true,"href":"https:\/\/corrientesdetarde.com\/index.php\/wp-json\/wp\/v2\/comments?post=99208"}],"version-history":[{"count":1,"href":"https:\/\/corrientesdetarde.com\/index.php\/wp-json\/wp\/v2\/posts\/99208\/revisions"}],"predecessor-version":[{"id":99219,"href":"https:\/\/corrientesdetarde.com\/index.php\/wp-json\/wp\/v2\/posts\/99208\/revisions\/99219"}],"wp:featuredmedia":[{"embeddable":true,"href":"https:\/\/corrientesdetarde.com\/index.php\/wp-json\/wp\/v2\/media\/99213"}],"wp:attachment":[{"href":"https:\/\/corrientesdetarde.com\/index.php\/wp-json\/wp\/v2\/media?parent=99208"}],"wp:term":[{"taxonomy":"category","embeddable":true,"href":"https:\/\/corrientesdetarde.com\/index.php\/wp-json\/wp\/v2\/categories?post=99208"},{"taxonomy":"post_tag","embeddable":true,"href":"https:\/\/corrientesdetarde.com\/index.php\/wp-json\/wp\/v2\/tags?post=99208"}],"curies":[{"name":"wp","href":"https:\/\/api.w.org\/{rel}","templated":true}]}}