{"id":99376,"date":"2023-11-01T23:34:43","date_gmt":"2023-11-02T02:34:43","guid":{"rendered":"https:\/\/corrientesdetarde.com\/?p=99376"},"modified":"2023-11-01T23:34:48","modified_gmt":"2023-11-02T02:34:48","slug":"el-ultimo-ganador-de-gran-hermano-marcos-ginocchio-se-fue-del-pais","status":"publish","type":"post","link":"https:\/\/corrientesdetarde.com\/index.php\/espectaculos\/el-ultimo-ganador-de-gran-hermano-marcos-ginocchio-se-fue-del-pais\/","title":{"rendered":"El \u00faltimo ganador de Gran Hermano, Marcos Ginocchio, se fue del pa\u00eds"},"content":{"rendered":"\n<p>El joven salte\u00f1o se encuentra trabajando como modelo en Finlandia.<\/p>\n\n\n\n<p><strong>Marcos Ginocchio<\/strong>&nbsp;fue el participante m\u00e1s querido de la \u00faltima edici\u00f3n de<em>&nbsp;Gran Hermano<\/em>&nbsp;y r\u00e1pidamente consigui\u00f3 trabajo como modelo ya que por su timidez era dif\u00edcil que pudiera cumplir alg\u00fan otro rol en los medios, como lo hicieron otros de sus compa\u00f1eros que se lanzaron al teatro, al streaming o al&nbsp;<em>Bailando<\/em>, que conduce Marcelo Tinelli.<\/p>\n\n\n\n<p>El joven de 23 a\u00f1os firm\u00f3 contrato con la agencia de modelos Multitalent y protagoniz\u00f3 varias producciones. Ahora, decidi\u00f3 irse del pa\u00eds para encarar un importante proyecto en Finlandia.<\/p>\n\n\n\n<p>Marcos comparte con sus seguidores varias fotos y videos de su estad\u00eda en ese pa\u00eds, donde lleg\u00f3 como uno de los elegidos para representar a una reconocida marca de gaseosas, que convoc\u00f3&nbsp;<em>influencers<\/em>&nbsp;de todo el mundo y \u00e9l&nbsp;<strong>fue el \u00fanico argentino elegido por la empresa.<\/strong><\/p>\n\n\n\n<figure class=\"wp-block-image\"><img decoding=\"async\" src=\"https:\/\/noticiasargentinas.com\/images\/NA\/Contenidos\/marcos_foto.webp\" alt=\"marcos_foto.jpg\"\/><\/figure>\n\n\n\n<figure class=\"wp-block-image\"><img decoding=\"async\" src=\"https:\/\/noticiasargentinas.com\/images\/NA\/Contenidos\/maros_foto_2.webp\" alt=\"maros_foto_2.jpg\"\/><\/figure>\n\n\n\n<p>Su trabajo es<strong>&nbsp;conocer el lugar que armaron como vivienda de Pap\u00e1 Noel<\/strong>, donde la marca grabar\u00e1 un comercial. Su representante destac\u00f3 que el salte\u00f1o probablemente regrese a la Argentina, si es que se interesa por alg\u00fan otro trabajo.<\/p>\n\n\n\n<p>\u201cEst\u00e1 estudiando teatro y oratoria hace al menos tres meses y ya tuvo varias propuestas en ese sentido para la pr\u00f3xima temporada de verano. En estos momentos estamos analizando las ofertas\u2033, aseguraron desde la agencia Multitalent.<\/p>\n\n\n\n<p>Marcos Ginocchio gan\u00f3 la \u00faltima edici\u00f3n de\u00a0<em>Gran Hermano<\/em>\u00a0y se hizo acreedor de\u00a0<strong>20 millones de pesos y una casa prefabricada.<\/strong><\/p>\n\n\n\n<figure class=\"wp-block-video\"><video height=\"1184\" style=\"aspect-ratio: 720 \/ 1184;\" width=\"720\" controls src=\"https:\/\/corrientesdetarde.com\/wp-content\/uploads\/2023\/11\/192616.mp4\"><\/video><\/figure>\n","protected":false},"excerpt":{"rendered":"<p>El joven salte\u00f1o se encuentra trabajando como modelo en Finlandia. Marcos Ginocchio&nbsp;fue el participante m\u00e1s querido de la \u00faltima edici\u00f3n de&nbsp;Gran Hermano&nbsp;y r\u00e1pidamente consigui\u00f3 trabajo como modelo ya que por&hellip; <\/p>\n","protected":false},"author":4,"featured_media":99377,"comment_status":"closed","ping_status":"open","sticky":false,"template":"","format":"standard","meta":{"footnotes":""},"categories":[19],"tags":[],"class_list":["post-99376","post","type-post","status-publish","format-standard","has-post-thumbnail","hentry","category-espectaculos"],"_links":{"self":[{"href":"https:\/\/corrientesdetarde.com\/index.php\/wp-json\/wp\/v2\/posts\/99376","targetHints":{"allow":["GET"]}}],"collection":[{"href":"https:\/\/corrientesdetarde.com\/index.php\/wp-json\/wp\/v2\/posts"}],"about":[{"href":"https:\/\/corrientesdetarde.com\/index.php\/wp-json\/wp\/v2\/types\/post"}],"author":[{"embeddable":true,"href":"https:\/\/corrientesdetarde.com\/index.php\/wp-json\/wp\/v2\/users\/4"}],"replies":[{"embeddable":true,"href":"https:\/\/corrientesdetarde.com\/index.php\/wp-json\/wp\/v2\/comments?post=99376"}],"version-history":[{"count":1,"href":"https:\/\/corrientesdetarde.com\/index.php\/wp-json\/wp\/v2\/posts\/99376\/revisions"}],"predecessor-version":[{"id":99379,"href":"https:\/\/corrientesdetarde.com\/index.php\/wp-json\/wp\/v2\/posts\/99376\/revisions\/99379"}],"wp:featuredmedia":[{"embeddable":true,"href":"https:\/\/corrientesdetarde.com\/index.php\/wp-json\/wp\/v2\/media\/99377"}],"wp:attachment":[{"href":"https:\/\/corrientesdetarde.com\/index.php\/wp-json\/wp\/v2\/media?parent=99376"}],"wp:term":[{"taxonomy":"category","embeddable":true,"href":"https:\/\/corrientesdetarde.com\/index.php\/wp-json\/wp\/v2\/categories?post=99376"},{"taxonomy":"post_tag","embeddable":true,"href":"https:\/\/corrientesdetarde.com\/index.php\/wp-json\/wp\/v2\/tags?post=99376"}],"curies":[{"name":"wp","href":"https:\/\/api.w.org\/{rel}","templated":true}]}}