{"id":99380,"date":"2023-11-01T23:36:36","date_gmt":"2023-11-02T02:36:36","guid":{"rendered":"https:\/\/corrientesdetarde.com\/?p=99380"},"modified":"2023-11-01T23:36:48","modified_gmt":"2023-11-02T02:36:48","slug":"el-video-viral-de-mariah-carey-anticipando-la-navidad","status":"publish","type":"post","link":"https:\/\/corrientesdetarde.com\/index.php\/espectaculos\/el-video-viral-de-mariah-carey-anticipando-la-navidad\/","title":{"rendered":"El video viral de Mariah Carey anticipando la Navidad"},"content":{"rendered":"\n<p>La cantante grab\u00f3 un alegre mensaje para sus fans: \u201cEs la hora\u201d.<\/p>\n\n\n\n<p><strong>Mariah Carey<\/strong>&nbsp;<strong>public\u00f3 un video navide\u00f1o y r\u00e1pidamente se volvi\u00f3 viral.<\/strong>&nbsp;La cantante aparece \u201ccongelada\u201d dentro de un bloque de hielo y se \u201cdescongela\u201d para darle inicio a la temporada navide\u00f1a.<\/p>\n\n\n\n<p><strong>\u201cEs la hora\u201d<\/strong>, dice la cantante, de 54 a\u00f1os cuando sale del bloque de hielo y comienza a cantar su tema \u201cAll I Want For Christmas Is You\u201d, que ya se convirti\u00f3 en uno de los cl\u00e1sicos navide\u00f1os que suenan a\u00f1o tras a\u00f1o.<\/p>\n\n\n\n<figure class=\"wp-block-embed is-type-video is-provider-youtube wp-block-embed-youtube wp-embed-aspect-16-9 wp-has-aspect-ratio\"><div class=\"wp-block-embed__wrapper\">\n<iframe loading=\"lazy\" title=\"Mariah Carey - IT&#039;S TIME!!\" width=\"1110\" height=\"624\" src=\"https:\/\/www.youtube.com\/embed\/1giQVuoTAFM?feature=oembed\" frameborder=\"0\" allow=\"accelerometer; autoplay; clipboard-write; encrypted-media; gyroscope; picture-in-picture; web-share\" allowfullscreen><\/iframe>\n<\/div><\/figure>\n\n\n\n<p>Vestida como Pap\u00e1 Noel y rodeada de un ambiente navide\u00f1o, la cantante da por concluida la celebraci\u00f3n de Halloween para dar comienzo a la temporada navide\u00f1a.<\/p>\n\n\n\n<p>Su video se volvi\u00f3 viral en redes sociales y no tardaron en aparecer los comentarios de los seguidores que ya la catalogan como<strong>&nbsp;\u201cun s\u00edmbolo de la Navidad\u201d.<\/strong>&nbsp;En s\u00f3lo 12 horas, el video alcanz\u00f3&nbsp;<strong>m\u00e1s de 296 mil reproducciones.<\/strong><\/p>\n\n\n\n<p><strong>Mariah har\u00e1 un tour navide\u00f1o por Estados Unidos<\/strong>, desde el 15 de noviembre hasta el 17 de diciembre, con un total de 16 shows.<\/p>\n\n\n\n<figure class=\"wp-block-image\"><img decoding=\"async\" src=\"https:\/\/noticiasargentinas.com\/images\/NA\/Contenidos\/mariah.webp\" alt=\"mariah.jpg\"\/><\/figure>\n","protected":false},"excerpt":{"rendered":"<p>La cantante grab\u00f3 un alegre mensaje para sus fans: \u201cEs la hora\u201d. Mariah Carey&nbsp;public\u00f3 un video navide\u00f1o y r\u00e1pidamente se volvi\u00f3 viral.&nbsp;La cantante aparece \u201ccongelada\u201d dentro de un bloque de&hellip; <\/p>\n","protected":false},"author":4,"featured_media":99381,"comment_status":"closed","ping_status":"open","sticky":false,"template":"","format":"standard","meta":{"footnotes":""},"categories":[19],"tags":[],"class_list":["post-99380","post","type-post","status-publish","format-standard","has-post-thumbnail","hentry","category-espectaculos"],"_links":{"self":[{"href":"https:\/\/corrientesdetarde.com\/index.php\/wp-json\/wp\/v2\/posts\/99380","targetHints":{"allow":["GET"]}}],"collection":[{"href":"https:\/\/corrientesdetarde.com\/index.php\/wp-json\/wp\/v2\/posts"}],"about":[{"href":"https:\/\/corrientesdetarde.com\/index.php\/wp-json\/wp\/v2\/types\/post"}],"author":[{"embeddable":true,"href":"https:\/\/corrientesdetarde.com\/index.php\/wp-json\/wp\/v2\/users\/4"}],"replies":[{"embeddable":true,"href":"https:\/\/corrientesdetarde.com\/index.php\/wp-json\/wp\/v2\/comments?post=99380"}],"version-history":[{"count":1,"href":"https:\/\/corrientesdetarde.com\/index.php\/wp-json\/wp\/v2\/posts\/99380\/revisions"}],"predecessor-version":[{"id":99382,"href":"https:\/\/corrientesdetarde.com\/index.php\/wp-json\/wp\/v2\/posts\/99380\/revisions\/99382"}],"wp:featuredmedia":[{"embeddable":true,"href":"https:\/\/corrientesdetarde.com\/index.php\/wp-json\/wp\/v2\/media\/99381"}],"wp:attachment":[{"href":"https:\/\/corrientesdetarde.com\/index.php\/wp-json\/wp\/v2\/media?parent=99380"}],"wp:term":[{"taxonomy":"category","embeddable":true,"href":"https:\/\/corrientesdetarde.com\/index.php\/wp-json\/wp\/v2\/categories?post=99380"},{"taxonomy":"post_tag","embeddable":true,"href":"https:\/\/corrientesdetarde.com\/index.php\/wp-json\/wp\/v2\/tags?post=99380"}],"curies":[{"name":"wp","href":"https:\/\/api.w.org\/{rel}","templated":true}]}}