{"id":99388,"date":"2023-11-01T23:59:18","date_gmt":"2023-11-02T02:59:18","guid":{"rendered":"https:\/\/corrientesdetarde.com\/?p=99388"},"modified":"2023-11-01T23:59:30","modified_gmt":"2023-11-02T02:59:30","slug":"las-primeras-imagenes-de-la-segunda-temporada-de-el-encargado","status":"publish","type":"post","link":"https:\/\/corrientesdetarde.com\/index.php\/espectaculos\/las-primeras-imagenes-de-la-segunda-temporada-de-el-encargado\/","title":{"rendered":"Las primeras im\u00e1genes de la segunda temporada de \u201cEl Encargado\u201d"},"content":{"rendered":"\n<p>La serie protagonizada por Guillermo Francella estar\u00e1 disponible a partir del 29 de noviembre por Star+.<\/p>\n\n\n\n<p>La serie<strong>&nbsp;\u201cEl Encargado\u201d<\/strong>, protagonizada por&nbsp;<strong>Guillermo Francella<\/strong>, presentar\u00e1 su segunda temporada por&nbsp;<em><strong>Star+<\/strong><\/em>, a partir del 29 de noviembre, con todos sus episodios.<\/p>\n\n\n\n<p>Creada por la dupla de realizadores<strong>\u00a0<\/strong>argentinos\u00a0<strong>Mariano Cohn\u00a0<\/strong>y<strong>\u00a0Gast\u00f3n Duprat,<\/strong>\u00a0la nueva temporada de la comedia dram\u00e1tica est\u00e1 protagonizada por<strong>\u00a0Guillermo Francella<\/strong>\u00a0y cuenta con la direcci\u00f3n de\u00a0<strong>Mariano Cohn<\/strong>,<strong>\u00a0Gast\u00f3n Duprat<\/strong>,<strong>\u00a0Jer\u00f3nimo Carranza<\/strong>,<strong>\u00a0Diego Bliffeld\u00a0<\/strong>y<strong>\u00a0Emanuel Diez<\/strong>.\u00a0<\/p>\n\n\n\n<figure class=\"wp-block-embed is-type-video is-provider-youtube wp-block-embed-youtube wp-embed-aspect-16-9 wp-has-aspect-ratio\"><div class=\"wp-block-embed__wrapper\">\n<iframe loading=\"lazy\" title=\"El Encargado | Nueva Temporada | Tr\u00e1iler Oficial | Star+\" width=\"1110\" height=\"624\" src=\"https:\/\/www.youtube.com\/embed\/j1nq_XTFaFY?feature=oembed\" frameborder=\"0\" allow=\"accelerometer; autoplay; clipboard-write; encrypted-media; gyroscope; picture-in-picture; web-share\" allowfullscreen><\/iframe>\n<\/div><\/figure>\n\n\n\n<p>Junto a&nbsp;<strong>Francella<\/strong>, lideran el elenco de la segunda temporada&nbsp;<strong>Gabriel Goity<\/strong>&nbsp;(Mat\u00edas Zambrano),&nbsp;<strong>Pochi Ducasse<\/strong>&nbsp;(Do\u00f1a Beba),&nbsp;<strong>Gast\u00f3n&nbsp;<\/strong><strong>Cocchiarale<\/strong>&nbsp;(Miguel),&nbsp;<strong>Mar\u00eda Abadi&nbsp;<\/strong>(Lucila Morris)&nbsp;y&nbsp;<strong>Mart\u00edn Slipak<\/strong>&nbsp;(Maxi), y cuenta con la participaci\u00f3n especial de&nbsp;<strong>Dar\u00edo Barassi<\/strong>&nbsp;(Gabriel).<\/p>\n\n\n\n<p>Compuesta por&nbsp;<strong>7 episodios de 30 minutos<\/strong>, escritos por&nbsp;<strong>Mariano Cohn<\/strong>,&nbsp;<strong>Gast\u00f3n Duprat<\/strong>&nbsp;y&nbsp;<strong>Emanuel Diez<\/strong>,&nbsp;<strong>\u201cEl encargado\u201d&nbsp;<\/strong>narra las aventuras de Eliseo (<strong>Francella<\/strong>),&nbsp;quien, en esta ficci\u00f3n, es&nbsp;el encargado de un edificio que, a espaldas del consorcio que lo emplea, hace uso y abuso de su poder de vigilancia e intromisi\u00f3n.<\/p>\n\n\n\n<p>El edificio es un universo con una din\u00e1mica y normas espec\u00edficas, y \u00e9l las conoce todas a la perfecci\u00f3n. All\u00ed vive, trabaja y absorbe hasta el \u00faltimo detalle de la vida de sus habitantes. Sin embargo, debajo de su apariencia servicial y obsecuente oculta un talento para manipularlos.&nbsp;<\/p>\n\n\n\n<p>La&nbsp;segunda temporada encuentra a Eliseo feliz, trabajando en el edificio y viviendo en el departamento que le alquila la administraci\u00f3n. All\u00ed rehizo su b\u00fanker de operaciones con c\u00e1maras ocultas en distintos lugares del edificio. En contraposici\u00f3n, Zambrano (<strong>Goity<\/strong>) se encuentra hecho un paria: abandonado por su mujer, vive solo en su departamento, en un estado de dejadez. Pero toda esta paz se ve amenazada cuando se muda al edificio Lucila Morris (<strong>Abadi<\/strong>), una reconocida titular de una ONG solidaria que llega dispuesta a sanear las cuentas del edificio y a reemplazar la figura del presidente del consorcio por un Consejo de propietarios.<\/p>\n\n\n\n<p>Eliseo se siente amenazado ante la posibilidad de que Morris se entere de los arreglos que tiene con los distintos proveedores y, para su sorpresa, descubre que Zambrano tambi\u00e9n tiene sus propios negocios oscuros en el edificio. A pesar de que se detestan profundamente, Eliseo y Zambrano se ver\u00e1n obligados a unirse para combatir a esta nueva enemiga peligrosa.<\/p>\n\n\n\n<p><strong>\u201cEl encargado\u201d&nbsp;<\/strong>apela a fans de las comedias negras, presentando situaciones humor\u00edsticas con un trasfondo m\u00e1s oscuro y reflexivo.<\/p>\n\n\n\n<figure class=\"wp-block-image\"><img decoding=\"async\" src=\"https:\/\/noticiasargentinas.com\/images\/NA\/Contenidos\/El_encargado_-_Segunda_temporada_-_Star.webp\" alt=\"El_encargado_-_Segunda_temporada_-_Star.jpg\"\/><\/figure>\n","protected":false},"excerpt":{"rendered":"<p>La serie protagonizada por Guillermo Francella estar\u00e1 disponible a partir del 29 de noviembre por Star+. La serie&nbsp;\u201cEl Encargado\u201d, protagonizada por&nbsp;Guillermo Francella, presentar\u00e1 su segunda temporada por&nbsp;Star+, a partir del&hellip; <\/p>\n","protected":false},"author":4,"featured_media":99389,"comment_status":"closed","ping_status":"open","sticky":false,"template":"","format":"standard","meta":{"footnotes":""},"categories":[19],"tags":[],"class_list":["post-99388","post","type-post","status-publish","format-standard","has-post-thumbnail","hentry","category-espectaculos"],"_links":{"self":[{"href":"https:\/\/corrientesdetarde.com\/index.php\/wp-json\/wp\/v2\/posts\/99388","targetHints":{"allow":["GET"]}}],"collection":[{"href":"https:\/\/corrientesdetarde.com\/index.php\/wp-json\/wp\/v2\/posts"}],"about":[{"href":"https:\/\/corrientesdetarde.com\/index.php\/wp-json\/wp\/v2\/types\/post"}],"author":[{"embeddable":true,"href":"https:\/\/corrientesdetarde.com\/index.php\/wp-json\/wp\/v2\/users\/4"}],"replies":[{"embeddable":true,"href":"https:\/\/corrientesdetarde.com\/index.php\/wp-json\/wp\/v2\/comments?post=99388"}],"version-history":[{"count":1,"href":"https:\/\/corrientesdetarde.com\/index.php\/wp-json\/wp\/v2\/posts\/99388\/revisions"}],"predecessor-version":[{"id":99390,"href":"https:\/\/corrientesdetarde.com\/index.php\/wp-json\/wp\/v2\/posts\/99388\/revisions\/99390"}],"wp:featuredmedia":[{"embeddable":true,"href":"https:\/\/corrientesdetarde.com\/index.php\/wp-json\/wp\/v2\/media\/99389"}],"wp:attachment":[{"href":"https:\/\/corrientesdetarde.com\/index.php\/wp-json\/wp\/v2\/media?parent=99388"}],"wp:term":[{"taxonomy":"category","embeddable":true,"href":"https:\/\/corrientesdetarde.com\/index.php\/wp-json\/wp\/v2\/categories?post=99388"},{"taxonomy":"post_tag","embeddable":true,"href":"https:\/\/corrientesdetarde.com\/index.php\/wp-json\/wp\/v2\/tags?post=99388"}],"curies":[{"name":"wp","href":"https:\/\/api.w.org\/{rel}","templated":true}]}}