{"id":99408,"date":"2023-11-02T10:39:11","date_gmt":"2023-11-02T13:39:11","guid":{"rendered":"https:\/\/corrientesdetarde.com\/?p=99408"},"modified":"2023-11-02T10:39:14","modified_gmt":"2023-11-02T13:39:14","slug":"rumbo-al-sueno-de-la-septima-miles-de-hinchas-de-boca-salieron-de-la-bombonera-a-rio-de-janeiro","status":"publish","type":"post","link":"https:\/\/corrientesdetarde.com\/index.php\/deportes\/rumbo-al-sueno-de-la-septima-miles-de-hinchas-de-boca-salieron-de-la-bombonera-a-rio-de-janeiro\/","title":{"rendered":"Rumbo al sue\u00f1o de la s\u00e9ptima: miles de hinchas de Boca salieron de la Bombonera a R\u00edo de Janeiro"},"content":{"rendered":"\n<p>Un contingente de 85 micros, con alrededor de 6 mil fan\u00e1ticos, parti\u00f3 desde la cancha de Boca hacia el Maracan\u00e1. M\u00e1s de 2.600 kil\u00f3metros de recorrido y casi 50 horas de viaje con un solo objetivo: derrotar al Fluminense en la final y traer la Copa a Brandsen 805.<\/p>\n\n\n\n<p>La locura es total. Los hinchas de Boca est\u00e1n m\u00e1s obsesionados que nunca con levantar la s\u00e9ptima Copa Libertadores de su historia. Y act\u00faan en consecuencia con eso. No les importa tener que viajar unas 50 horas en micro, sino todo lo contrario: es un disfrute.<\/p>\n\n\n\n<p>Entre la noche del mi\u00e9rcoles y la madrugada de este jueves sali\u00f3 desde la Bombonera un contingente con 85 micros de larga distancia. En total, viajaron cerca de 6 mil fan\u00e1ticos del &#8220;Xeneize&#8221; con el objetivo de estar presentes en el Maracan\u00e1 en la final\u00edsima en R\u00edo de Janeiro este s\u00e1bado a las 17.<\/p>\n\n\n\n<p>El periplo de m\u00e1s de 2.600 kil\u00f3metros que har\u00e1n los casi 6 mil hinchas que viajan en micro para llegar al Maracan\u00e1 (todos con entrada para la final) ser\u00e1 de entre 44 y 50 horas. Lo que difiera el tiempo de viaje ser\u00e1 la demora en el paso fronterizo con Brasil.<\/p>\n\n\n\n<p>Uno de los choferes, Alejandro Fern\u00e1ndez, le cont\u00f3 a T\u00e9lam que &#8220;al ser un viaje largo, estamos obligados a hacer varias paradas y cambiar de conductor varias veces. Dependiendo el tiempo que tardemos en la frontera podemos llegar el viernes a la noche o el s\u00e1bado a la ma\u00f1ana&#8221;.&nbsp;<\/p>\n\n\n\n<p>Frank Valdivia, un simpatizante de 41 a\u00f1os que sigue a Boca a todos lados siempre que puede, le narr\u00f3 a esta agencia que viaja &#8220;con toda la fe&#8221;. Y una muestra de ello es que &#8220;el 10 de febrero de este a\u00f1o arm\u00e9 un grupo de WhatsApp con mis amigos y le puse de nombre &#8220;R\u00edo de Janeiro 4-11&#8243;. Y se dio. Lo supe desde un primer momento cuando se anunci\u00f3 d\u00f3nde se jugaba la final. Esperemos volver con la Copa&#8221;, expres\u00f3 el hincha, quien adem\u00e1s resalt\u00f3 la ansiedad que est\u00e1 transitando en los d\u00edas previos: &#8220;Me cuesta dormir pensando en el partido&#8221;.<\/p>\n\n\n\n<p>Miguel Maure, de 28 a\u00f1os, es otro de los &#8220;xeneizes&#8221; que viaja con optimismo. &#8220;Tengo mucha fe en que se va a dar, que este sea el a\u00f1o&#8221;, y afirm\u00f3 que si bien viaj\u00f3 en otras ocasiones a Brasil, tambi\u00e9n a Chile y dem\u00e1s lares, este viaje y este partido ser\u00e1 &#8220;el m\u00e1s importante en el que voy a estar presente&#8221;.<\/p>\n\n\n\n<p>Y ah\u00ed van los hinchas por un sue\u00f1o. Con la esperanza de que este 4 de noviembre se rompa la racha de 16 a\u00f1os sin ganar el m\u00e1ximo certamen continental.&nbsp;<\/p>\n","protected":false},"excerpt":{"rendered":"<p>Un contingente de 85 micros, con alrededor de 6 mil fan\u00e1ticos, parti\u00f3 desde la cancha de Boca hacia el Maracan\u00e1. M\u00e1s de 2.600 kil\u00f3metros de recorrido y casi 50 horas&hellip; <\/p>\n","protected":false},"author":3,"featured_media":99409,"comment_status":"closed","ping_status":"open","sticky":false,"template":"","format":"standard","meta":{"footnotes":""},"categories":[4],"tags":[],"class_list":["post-99408","post","type-post","status-publish","format-standard","has-post-thumbnail","hentry","category-deportes"],"_links":{"self":[{"href":"https:\/\/corrientesdetarde.com\/index.php\/wp-json\/wp\/v2\/posts\/99408","targetHints":{"allow":["GET"]}}],"collection":[{"href":"https:\/\/corrientesdetarde.com\/index.php\/wp-json\/wp\/v2\/posts"}],"about":[{"href":"https:\/\/corrientesdetarde.com\/index.php\/wp-json\/wp\/v2\/types\/post"}],"author":[{"embeddable":true,"href":"https:\/\/corrientesdetarde.com\/index.php\/wp-json\/wp\/v2\/users\/3"}],"replies":[{"embeddable":true,"href":"https:\/\/corrientesdetarde.com\/index.php\/wp-json\/wp\/v2\/comments?post=99408"}],"version-history":[{"count":1,"href":"https:\/\/corrientesdetarde.com\/index.php\/wp-json\/wp\/v2\/posts\/99408\/revisions"}],"predecessor-version":[{"id":99410,"href":"https:\/\/corrientesdetarde.com\/index.php\/wp-json\/wp\/v2\/posts\/99408\/revisions\/99410"}],"wp:featuredmedia":[{"embeddable":true,"href":"https:\/\/corrientesdetarde.com\/index.php\/wp-json\/wp\/v2\/media\/99409"}],"wp:attachment":[{"href":"https:\/\/corrientesdetarde.com\/index.php\/wp-json\/wp\/v2\/media?parent=99408"}],"wp:term":[{"taxonomy":"category","embeddable":true,"href":"https:\/\/corrientesdetarde.com\/index.php\/wp-json\/wp\/v2\/categories?post=99408"},{"taxonomy":"post_tag","embeddable":true,"href":"https:\/\/corrientesdetarde.com\/index.php\/wp-json\/wp\/v2\/tags?post=99408"}],"curies":[{"name":"wp","href":"https:\/\/api.w.org\/{rel}","templated":true}]}}