{"id":99411,"date":"2023-11-02T10:40:36","date_gmt":"2023-11-02T13:40:36","guid":{"rendered":"https:\/\/corrientesdetarde.com\/?p=99411"},"modified":"2023-11-02T10:40:41","modified_gmt":"2023-11-02T13:40:41","slug":"enfrentamientos-tiros-y-piedrazos-entre-bandas-aterrorizan-a-vecinos","status":"publish","type":"post","link":"https:\/\/corrientesdetarde.com\/index.php\/policiales\/enfrentamientos-tiros-y-piedrazos-entre-bandas-aterrorizan-a-vecinos\/","title":{"rendered":"Enfrentamientos, tiros y piedrazos entre bandas aterrorizan a vecinos"},"content":{"rendered":"\n<p>En las \u00faltimas dos semanas se repitieron estos altercados en distintos barrios de Capital. La Polic\u00eda y la Justicia est\u00e1n en alerta. Utilizan las redes sociales para desafiarse y preocupa que la intenci\u00f3n sea pelear &#8220;a muerte&#8221;.<\/p>\n\n\n\n<p>Al menos 30 jovencitos, en su mayor\u00eda menores de edad, vienen sembrando el terror en las calles del barrio Costa Esperanza, que convirtieron el lugar en &#8220;zona de guerra&#8221; en las \u00faltimas dos noches, con enfrentamientos a piedrazos y hasta disparos de arma de fuego, se\u00f1alaron varios testigos. La Polic\u00eda debi\u00f3 interceder, pero luego de que los m\u00f3viles se marchan de la zona, los enfrentamientos recrudecen. No est\u00e1 muy claro cu\u00e1l es el motivo de los choques, pero es una modalidad que se viene repitiendo peligrosamente en varios barrios de la capital correntina y que desde las autoridades policiales vienen siguiendo con mucha preocupaci\u00f3n.<\/p>\n\n\n\n<p>Ya van por el tercer d\u00eda de enfrentamiento y los vecinos est\u00e1n en alerta todas las noches, ya que son el da\u00f1o colateral de todos estos choques violentos y completamente desmedidos, dado que los piedrazos y los disparos van a cualquier lado.<\/p>\n\n\n\n<figure class=\"wp-block-image\"><img decoding=\"async\" src=\"https:\/\/www.diarioepoca.com\/content\/bucket\/6\/1329086w380h132c.jpg.webp\" alt=\"\"\/><\/figure>\n\n\n\n<p>El martes, a la madrugada, uno de estos enfrentamiento fue filmado por varios vecinos que decidieron viralizar las im\u00e1genes, &#8220;para que se vea qui\u00e9nes son los encargados de aterrar al barrio&#8221;, indicaron.<\/p>\n\n\n\n<figure class=\"wp-block-image\"><img decoding=\"async\" src=\"https:\/\/www.diarioepoca.com\/content\/bucket\/4\/1329084w380h368c.jpg.webp\" alt=\"\"\/><figcaption>LA MAYOR\u00cdA DE LOS INVOLUCRADOS SON MENORES.<\/figcaption><\/figure>\n\n\n\n<p>&#8220;Es muy com\u00fan en esta zona ver enfrentamiento entre barras, pero no de estas caracter\u00edsticas. Ac\u00e1 hablamos de m\u00e1s de 30 chicos armados con cascotes, gomeras, cuchillos y hasta armas de fuego que se atacan de manera brutal. De milagro todav\u00eda no hubo alg\u00fan muerto, pero con la bronca con la que se atacan, no va a tardar mucho en que se maten unos a otros&#8221;, explicaron algunos de los damnificados de la zona.<\/p>\n\n\n\n<p>Seg\u00fan indicaron a este medio algunos de los vecinos, quienes prefieren el anonimato por obvias razones, sospechan que varios de los contrincantes portan armas tipo &#8220;tumberas&#8221; de fabricaci\u00f3n casera, por los estampidos que se escuchan. Algunas personas que salen en medio de la noche a proteger sus hogares son inmediatamente agredidas por la turba.<\/p>\n\n\n\n<figure class=\"wp-block-image\"><img decoding=\"async\" src=\"https:\/\/www.diarioepoca.com\/content\/bucket\/5\/1329085w380h372c.jpg.webp\" alt=\"\"\/><figcaption>TEMEN QUE HAYA CONSECUENCIAS FATALES.<\/figcaption><\/figure>\n\n\n\n<p>&#8220;As\u00ed no se puede vivir. Las \u00faltimas noches fueron de terror. Gritos, corridas, disparos, nos pasamos tirados en el suelo cuando esto sucede por temor a que nos entre un tiro por la ventana y nos mate. Se agarran a la medianoche, a la madrugada, justo cuando intentamos descansar para ir a trabajar al d\u00eda siguiente. La mayor\u00eda son menores de entre 16 y 17 a\u00f1os. Se pelean entre ellos y si alguien les dice algo, se agarran contra su casa. La Polic\u00eda llega, pega unos tiros con balas de goma y se van. Los dejan m\u00e1s enardecidos. No hay soluci\u00f3n para quienes debemos ir a trabajar y dejar nuestras casas en medio de este clima violento&#8221;, expresaron los vecinos.<\/p>\n\n\n\n<figure class=\"wp-block-image\"><img decoding=\"async\" src=\"https:\/\/www.diarioepoca.com\/content\/bucket\/5\/1329085w380h372c.jpg.webp\" alt=\"\"\/><figcaption>TEMEN QUE HAYA CONSECUENCIAS FATALES.<\/figcaption><\/figure>\n\n\n\n<h2 class=\"wp-block-heading\">Antecedente que preocupa<\/h2>\n\n\n\n<p>D\u00edas atr\u00e1s, diario \u00e9poca publicaba otra situaci\u00f3n similar, en la que dos grupos numerosos de adolescentes, de entre 13 y 16 a\u00f1os, participaron de una gigantesca reyerta callejera en la que utilizaron palos, gomeras y hasta cuchillos. La Polic\u00eda alcanz\u00f3 a interceder r\u00e1pidamente para evitar una sangr\u00eda, aunque igualmente hubo varios lastimados y al menos tres demorados. Dos semanas atr\u00e1s comenzaron a caldearse los \u00e1nimos y decidieron que &#8220;la guerra&#8221; entre barrios era inevitable. Los involucrados utilizan las redes sociales para alentar el choque violento &#8220;a muerte&#8221;, seg\u00fan indicaron.<\/p>\n\n\n\n<p>La fuerza de seguridad est\u00e1 monitoreando varios grupos de este tipo, en los cuales se desaf\u00edan a pelear en las calles de la ciudad. Hay preocupaci\u00f3n, no solo por el nivel de violencia, sino por la edad de quienes encabezan estos choques. La Justicia orden\u00f3 tratar de evitar los enfrentamientos, pero \u00bfc\u00f3mo hacerlo en una sociedad saturada de violencia en las redes sociales?.<\/p>\n","protected":false},"excerpt":{"rendered":"<p>En las \u00faltimas dos semanas se repitieron estos altercados en distintos barrios de Capital. La Polic\u00eda y la Justicia est\u00e1n en alerta. Utilizan las redes sociales para desafiarse y preocupa&hellip; <\/p>\n","protected":false},"author":3,"featured_media":99412,"comment_status":"closed","ping_status":"open","sticky":false,"template":"","format":"standard","meta":{"footnotes":""},"categories":[33],"tags":[],"class_list":["post-99411","post","type-post","status-publish","format-standard","has-post-thumbnail","hentry","category-policiales"],"_links":{"self":[{"href":"https:\/\/corrientesdetarde.com\/index.php\/wp-json\/wp\/v2\/posts\/99411","targetHints":{"allow":["GET"]}}],"collection":[{"href":"https:\/\/corrientesdetarde.com\/index.php\/wp-json\/wp\/v2\/posts"}],"about":[{"href":"https:\/\/corrientesdetarde.com\/index.php\/wp-json\/wp\/v2\/types\/post"}],"author":[{"embeddable":true,"href":"https:\/\/corrientesdetarde.com\/index.php\/wp-json\/wp\/v2\/users\/3"}],"replies":[{"embeddable":true,"href":"https:\/\/corrientesdetarde.com\/index.php\/wp-json\/wp\/v2\/comments?post=99411"}],"version-history":[{"count":1,"href":"https:\/\/corrientesdetarde.com\/index.php\/wp-json\/wp\/v2\/posts\/99411\/revisions"}],"predecessor-version":[{"id":99413,"href":"https:\/\/corrientesdetarde.com\/index.php\/wp-json\/wp\/v2\/posts\/99411\/revisions\/99413"}],"wp:featuredmedia":[{"embeddable":true,"href":"https:\/\/corrientesdetarde.com\/index.php\/wp-json\/wp\/v2\/media\/99412"}],"wp:attachment":[{"href":"https:\/\/corrientesdetarde.com\/index.php\/wp-json\/wp\/v2\/media?parent=99411"}],"wp:term":[{"taxonomy":"category","embeddable":true,"href":"https:\/\/corrientesdetarde.com\/index.php\/wp-json\/wp\/v2\/categories?post=99411"},{"taxonomy":"post_tag","embeddable":true,"href":"https:\/\/corrientesdetarde.com\/index.php\/wp-json\/wp\/v2\/tags?post=99411"}],"curies":[{"name":"wp","href":"https:\/\/api.w.org\/{rel}","templated":true}]}}