{"id":99414,"date":"2023-11-02T10:41:37","date_gmt":"2023-11-02T13:41:37","guid":{"rendered":"https:\/\/corrientesdetarde.com\/?p=99414"},"modified":"2023-11-02T10:41:37","modified_gmt":"2023-11-02T13:41:37","slug":"corrientes-detuvieron-a-un-sujeto-que-habria-abusado-de-su-sobrina-de-9-anos","status":"publish","type":"post","link":"https:\/\/corrientesdetarde.com\/index.php\/policiales\/corrientes-detuvieron-a-un-sujeto-que-habria-abusado-de-su-sobrina-de-9-anos\/","title":{"rendered":"Corrientes: detuvieron a un sujeto que habr\u00eda abusado de su sobrina de 9 a\u00f1os"},"content":{"rendered":"\n<p>Una patrulla policial acudi\u00f3 pasada la medianoche a un domicilio del barrio Colombia Granaderos desde donde se realiz\u00f3 una grave denuncia. El llamado al 911 lo realiz\u00f3 la madre de una nena de 9 a\u00f1os que habr\u00eda sido abusada por su propio t\u00edo de 22. El supuesto violador fue detenido en el mismo domicilio donde conviv\u00eda con la v\u00edctima.<\/p>\n\n\n\n<p>El primer informe policial indica que siendo las 00.30 horas, personal perteneciente al Destacamento San Marcos acudi\u00f3 a una denuncia del Sistema Integral de emergencias del 911.<\/p>\n\n\n\n<p>El mismo provino de un domicilio &nbsp;del barrio Colombia Granaderos donde se encontrar\u00eda el autor de un supuesto hecho &nbsp;delictivo por abuso sexual con acceso carnal a una menor de edad de 9 a\u00f1os.<\/p>\n\n\n\n<p>El supuesto autor ser\u00eda el mismo t\u00edo de la menor.<\/p>\n\n\n\n<p>Al llegar al lugar el personal policial la denunciante cont\u00f3 que hab\u00eda radicado una denuncia en la Divisi\u00f3n &nbsp;Delitos Sexuales por el abuso a su hija y solicitaba la demora del autor del hecho quien se encontraba en la vivienda.<\/p>\n\n\n\n<p>Ante ello proceden a la demora de un sujeto de &nbsp;22 a\u00f1os, quien estaba en el mismo lugar. Fue trasladado a la Comisar\u00eda 19\u00b0 &nbsp;para continuar con los tr\u00e1mites de rigor correspondiente.<\/p>\n","protected":false},"excerpt":{"rendered":"<p>Una patrulla policial acudi\u00f3 pasada la medianoche a un domicilio del barrio Colombia Granaderos desde donde se realiz\u00f3 una grave denuncia. El llamado al 911 lo realiz\u00f3 la madre de&hellip; <\/p>\n","protected":false},"author":3,"featured_media":99416,"comment_status":"closed","ping_status":"open","sticky":false,"template":"","format":"standard","meta":{"footnotes":""},"categories":[33],"tags":[],"class_list":["post-99414","post","type-post","status-publish","format-standard","has-post-thumbnail","hentry","category-policiales"],"_links":{"self":[{"href":"https:\/\/corrientesdetarde.com\/index.php\/wp-json\/wp\/v2\/posts\/99414","targetHints":{"allow":["GET"]}}],"collection":[{"href":"https:\/\/corrientesdetarde.com\/index.php\/wp-json\/wp\/v2\/posts"}],"about":[{"href":"https:\/\/corrientesdetarde.com\/index.php\/wp-json\/wp\/v2\/types\/post"}],"author":[{"embeddable":true,"href":"https:\/\/corrientesdetarde.com\/index.php\/wp-json\/wp\/v2\/users\/3"}],"replies":[{"embeddable":true,"href":"https:\/\/corrientesdetarde.com\/index.php\/wp-json\/wp\/v2\/comments?post=99414"}],"version-history":[{"count":1,"href":"https:\/\/corrientesdetarde.com\/index.php\/wp-json\/wp\/v2\/posts\/99414\/revisions"}],"predecessor-version":[{"id":99417,"href":"https:\/\/corrientesdetarde.com\/index.php\/wp-json\/wp\/v2\/posts\/99414\/revisions\/99417"}],"wp:featuredmedia":[{"embeddable":true,"href":"https:\/\/corrientesdetarde.com\/index.php\/wp-json\/wp\/v2\/media\/99416"}],"wp:attachment":[{"href":"https:\/\/corrientesdetarde.com\/index.php\/wp-json\/wp\/v2\/media?parent=99414"}],"wp:term":[{"taxonomy":"category","embeddable":true,"href":"https:\/\/corrientesdetarde.com\/index.php\/wp-json\/wp\/v2\/categories?post=99414"},{"taxonomy":"post_tag","embeddable":true,"href":"https:\/\/corrientesdetarde.com\/index.php\/wp-json\/wp\/v2\/tags?post=99414"}],"curies":[{"name":"wp","href":"https:\/\/api.w.org\/{rel}","templated":true}]}}