{"id":99422,"date":"2023-11-02T11:01:31","date_gmt":"2023-11-02T14:01:31","guid":{"rendered":"https:\/\/corrientesdetarde.com\/?p=99422"},"modified":"2023-11-02T11:01:36","modified_gmt":"2023-11-02T14:01:36","slug":"provincia-agilizara-obras-publicas-ante-la-fuerte-presion-inflacionaria","status":"publish","type":"post","link":"https:\/\/corrientesdetarde.com\/index.php\/economia\/provincia-agilizara-obras-publicas-ante-la-fuerte-presion-inflacionaria\/","title":{"rendered":"Provincia agilizar\u00e1 obras p\u00fablicas ante la fuerte presi\u00f3n inflacionaria"},"content":{"rendered":"\n<p>En la reciente reuni\u00f3n de gabinete provincial, un punto central que acentu\u00f3 el gobernador Vald\u00e9s fue relevar las obras prioritarias en cada \u00e1rea de Gobierno y acelerarlas. El ministro Olivieri indic\u00f3 que la decisi\u00f3n se toma por el contexto de inflaci\u00f3n y los cimbronazos econ\u00f3micos.<\/p>\n\n\n\n<p>Con una inflaci\u00f3n anual en torno al 140% y con registros mensuales de dos d\u00edgitos en este segundo semestre del a\u00f1o, el Gobierno provincial tom\u00f3 la decisi\u00f3n de pisar el acelerador en materia de obras p\u00fablicas. A partir de ahora todos los proyectos a punto de concluir ser\u00e1n acelerados para salir un poco de la presi\u00f3n inflacionaria que, por el contrario, los ralentizan y disparan los costos presupuestados.<\/p>\n\n\n\n<p>La decisi\u00f3n se tom\u00f3 en la reciente reuni\u00f3n de gabinete encabezada esta semana por el gobernador, Gustavo Vald\u00e9s, en la que cada Ministro repas\u00f3 las obras p\u00fablicas que est\u00e1n avanzadas en sus \u00e1reas. As\u00ed, se hizo un ranking de prioridades por avance, dimensi\u00f3n y utilidad, tras lo cual se decidi\u00f3 agilizar la culminaci\u00f3n de las mismas hasta fin de a\u00f1o. La inflaci\u00f3n complica las finanzas estatales y los trabajos de grandes superficies y costos empiezan a ser evaluados m\u00e1s de una vez.<\/p>\n\n\n\n<p>El ministro de Coordinaci\u00f3n, Miguel Olivieri, coment\u00f3 detalles del encuentro, resumiendo que lo que debe primar &#8220;es el inter\u00e9s de todos los correntinos&#8221;.<\/p>\n\n\n\n<figure class=\"wp-block-image\"><img decoding=\"async\" src=\"https:\/\/www.diarioepoca.com\/content\/bucket\/1\/1329051w380h844c.jpg.webp\" alt=\"\"\/><\/figure>\n\n\n\n<p>&#8220;Se sabe que la situaci\u00f3n del pa\u00eds est\u00e1 un poco complicada, as\u00ed que hablamos con cada uno de los ministerios para saber qu\u00e9 obras ten\u00edan en marcha, sobre todo aquellas m\u00e1s importantes, y el Gobernador nos pidi\u00f3 que se avancen y se terminen lo antes posible&#8221;, declar\u00f3 Olivieri.<\/p>\n\n\n\n<p>&#8220;En el ministerio a mi cargo tenemos 25 obras sin terminar. Imag\u00ednense en el total. Por eso, el Mandatario propuso trazar preponderancias para terminarlas y llevarlas adelante hasta concluirlas. Hay algunas obras que solo restan inaugurarse y darle el uso correspondiente. En definitiva, esto es acelerar el proceso de construcci\u00f3n de construcciones que son claves para la comunidad, tanto en Capital como en el interior provincial&#8221;, subray\u00f3 en contacto con la prensa el funcionario.<\/p>\n\n\n\n<p>El Ministro aclar\u00f3 que solamente se habl\u00f3 del trabajo que se har\u00e1 hasta fin de a\u00f1o, y que lo del 2024 se ir\u00e1 proyectando. &#8220;Seguramente con el pr\u00f3ximo Presidente habr\u00e1 otras alternativas, ojal\u00e1 que este pueda mirar a Corrientes de una manera distinta de la que se viene haciendo hasta ahora. Lo que debe primar es el inter\u00e9s de todos los correntinos&#8221;, cerr\u00f3 al respecto.<\/p>\n\n\n\n<p>Por otra parte, Olivieri indic\u00f3 que en la reuni\u00f3n de gabinete del martes pasado, &#8220;no se habl\u00f3 de la cuesti\u00f3n pol\u00edtica electoral, de optar por alguien. Simplemente de cada uno de los ministerios y las obras en marcha que ten\u00edamos, sobre todo las m\u00e1s grandes y en base a eso se fue trabajando&#8221;.<\/p>\n\n\n\n<h2 class=\"wp-block-heading\">El notorio impacto en grandes proyectos y un avance pese a todo<\/h2>\n\n\n\n<figure class=\"wp-block-image\"><img decoding=\"async\" src=\"https:\/\/www.diarioepoca.com\/content\/bucket\/4\/1329114w380h316c.jpg.webp\" alt=\"\"\/><\/figure>\n\n\n\n<p>Las distintas obras p\u00fablicas que ejecuta el Gobierno provincial sintieron el impacto de la inflaci\u00f3n que llega actualmente a registros que preocupan. La inestabilidad de precios y -muchas veces- la misma disponibilidad de insumos tambi\u00e9n tienen sus efectos en el ritmo de construcci\u00f3n.<\/p>\n\n\n\n<p>La decisi\u00f3n, tomada en la reuni\u00f3n de gabinete con Vald\u00e9s, de acelerar las obras p\u00fablicas consideradas prioritarias para cada \u00e1rea ministerial, al menos de ac\u00e1 a fin de a\u00f1o, tiene correlaci\u00f3n con el escenario econ\u00f3mico.<\/p>\n\n\n\n<p>En este marco, la coordinadora de la Unidad de Proyectos del Ministerio de Obras y Servicios P\u00fablicos de la Provincia, Gisella Gasparini, admiti\u00f3 las complicaciones del contexto inflacionario; aunque destac\u00f3 el avance de obras importantes que ejecuta la administraci\u00f3n de Vald\u00e9s. &#8220;Siempre se trata de terminarlas en tiempo y forma, pese a la coyuntura&#8221;, reconoci\u00f3 en declaraciones a Radio Dos.<\/p>\n\n\n\n<p>De igual manera, la funcionaria dijo que hay proyectos de envergaduras que quedar\u00e1n en etapa de evaluaci\u00f3n por las complicaciones actuales.<\/p>\n","protected":false},"excerpt":{"rendered":"<p>En la reciente reuni\u00f3n de gabinete provincial, un punto central que acentu\u00f3 el gobernador Vald\u00e9s fue relevar las obras prioritarias en cada \u00e1rea de Gobierno y acelerarlas. El ministro Olivieri&hellip; <\/p>\n","protected":false},"author":3,"featured_media":99423,"comment_status":"closed","ping_status":"open","sticky":false,"template":"","format":"standard","meta":{"footnotes":""},"categories":[20],"tags":[],"class_list":["post-99422","post","type-post","status-publish","format-standard","has-post-thumbnail","hentry","category-economia"],"_links":{"self":[{"href":"https:\/\/corrientesdetarde.com\/index.php\/wp-json\/wp\/v2\/posts\/99422","targetHints":{"allow":["GET"]}}],"collection":[{"href":"https:\/\/corrientesdetarde.com\/index.php\/wp-json\/wp\/v2\/posts"}],"about":[{"href":"https:\/\/corrientesdetarde.com\/index.php\/wp-json\/wp\/v2\/types\/post"}],"author":[{"embeddable":true,"href":"https:\/\/corrientesdetarde.com\/index.php\/wp-json\/wp\/v2\/users\/3"}],"replies":[{"embeddable":true,"href":"https:\/\/corrientesdetarde.com\/index.php\/wp-json\/wp\/v2\/comments?post=99422"}],"version-history":[{"count":1,"href":"https:\/\/corrientesdetarde.com\/index.php\/wp-json\/wp\/v2\/posts\/99422\/revisions"}],"predecessor-version":[{"id":99424,"href":"https:\/\/corrientesdetarde.com\/index.php\/wp-json\/wp\/v2\/posts\/99422\/revisions\/99424"}],"wp:featuredmedia":[{"embeddable":true,"href":"https:\/\/corrientesdetarde.com\/index.php\/wp-json\/wp\/v2\/media\/99423"}],"wp:attachment":[{"href":"https:\/\/corrientesdetarde.com\/index.php\/wp-json\/wp\/v2\/media?parent=99422"}],"wp:term":[{"taxonomy":"category","embeddable":true,"href":"https:\/\/corrientesdetarde.com\/index.php\/wp-json\/wp\/v2\/categories?post=99422"},{"taxonomy":"post_tag","embeddable":true,"href":"https:\/\/corrientesdetarde.com\/index.php\/wp-json\/wp\/v2\/tags?post=99422"}],"curies":[{"name":"wp","href":"https:\/\/api.w.org\/{rel}","templated":true}]}}