{"id":99425,"date":"2023-11-02T11:02:51","date_gmt":"2023-11-02T14:02:51","guid":{"rendered":"https:\/\/corrientesdetarde.com\/?p=99425"},"modified":"2023-11-02T11:02:53","modified_gmt":"2023-11-02T14:02:53","slug":"fuerte-perimetro-de-seguridad-evito-masiva-vandalizacion-de-nichos","status":"publish","type":"post","link":"https:\/\/corrientesdetarde.com\/index.php\/informacion-general\/fuerte-perimetro-de-seguridad-evito-masiva-vandalizacion-de-nichos\/","title":{"rendered":"Fuerte per\u00edmetro de seguridad evit\u00f3 masiva vandalizaci\u00f3n de nichos"},"content":{"rendered":"\n<p>En el cementerio San Juan Bautista se instrument\u00f3 un plan para evitar una oleada de robos que asedi\u00f3 el a\u00f1o pasado a todo el predio. Adem\u00e1s, se tapiaron nichos que durante mucho tiempo estuvieron al descubierto y abandonados.<\/p>\n\n\n\n<p>Un hecho que llam\u00f3 atenci\u00f3n en el D\u00eda de los Difuntos del a\u00f1o pasado fue la gran cantidad de nichos y panteones destruidos en el cementerio San Juan Bautista del barrio Galv\u00e1n. La masiva concurrencia de deudos en una fecha tan especial dej\u00f3 en evidencia el estado del lugar, que ven\u00eda de dos a\u00f1os de una circulaci\u00f3n reducida producto de las restricciones de la pandemia.<\/p>\n\n\n\n<p>Desde tapas de vidrios y cemento destruidas, como tambi\u00e9n puertas de ingreso a edificaciones funerarias violentadas y abiertas, que dejaban a la vista cajones y cofres, eran los paisajes m\u00e1s comunes que fueron exhibidos por diario \u00e9poca en la edici\u00f3n del 3 de noviembre de 2022.<\/p>\n\n\n\n<p>Afortunadamente, la Direcci\u00f3n de Defunciones del Municipio capitalino tom\u00f3 cartas en el asunto y con la instrumentaci\u00f3n de un plan de seguridad en el \u00faltimo a\u00f1o logr\u00f3 reducir los actos vand\u00e1licos. Tambi\u00e9n inici\u00f3 un proceso de reorganizaci\u00f3n de panteones m\u00e1s antiguos (ver recuadro).<\/p>\n\n\n\n<p>Ayer, a la tarde, en una recorrida que realiz\u00f3 diario \u00e9poca por el camposanto se evidenci\u00f3 los efectos del plan de seguridad. La mayor\u00eda de los nichos, salvo contadas excepciones, estaban en buenas condiciones.<\/p>\n\n\n\n<p>Fuentes oficiales, que prefirieron no revelar su identidad, comentaron que las tareas principales consistieron en altear los muros perimetrales y colocar alambres de p\u00faas en sus bordes. Adem\u00e1s sumaron una mayor cantidad de c\u00e1maras de videovigilancia. &#8220;A esto hay que agregarle que todas las noches queda un vigilante del cementerio y tres polic\u00edas en el predio. Incluso, un efectivo de la fuerza realiza una recorrida en motocicleta en la hora del cierre del predio&#8221;, detallaron.<\/p>\n\n\n\n<p>Otras tareas que fueron clave para emprolijar a la vista, en el sector de los pasillos, fue el tapiado de nichos que hab\u00edan sido vandalizados y terminaron sin tapa. La Comuna decidi\u00f3 as\u00ed tapiar por sus propios medios aquellos &#8220;sitios de descanso eterno&#8221; expuestos, sobre todo los que ya exhib\u00edan un avanzado estado de abandono. &#8220;Una vez tapado se coloc\u00f3 pintura blanca&#8221;, agreg\u00f3 la misma fuente. A la vez que asegur\u00f3 que en caso de tener los datos de contacto, el personal se comunica con los familiares para comentarles acerca de los trabajos.<\/p>\n\n\n\n<p>Pese a ello, reconocieron que los hechos de vandalismo y robo de placas siguen produci\u00e9ndose pero en menor medida. &#8220;Hay ni\u00f1os que ingresan con ondas y como es tan grande cuesta controlarlos a todos. A su vez, hace dos meses una pareja fue detenida cuando intentaba escapar con tres placas de bronce&#8221;, narr\u00f3 la fuente.<\/p>\n\n\n\n<p>Desde el cementerio recalcaron que se tratan de &#8220;medidas de seguridad&#8221; que fueron reforzadas con el fin de evitar que la situaci\u00f3n se vaya de control.<\/p>\n\n\n\n<figure class=\"wp-block-image\"><img decoding=\"async\" src=\"https:\/\/www.diarioepoca.com\/content\/bucket\/8\/1329068w380h132c.jpg.webp\" alt=\"\"\/><figcaption>TODAV\u00cdA PERSISTEN ALGUNOS HECHOS AISLADOS DE VANDALISMO.<\/figcaption><\/figure>\n\n\n\n<h2 class=\"wp-block-heading\">Vistas con turnos<\/h2>\n\n\n\n<p>La Municipalidad comenz\u00f3 a otorgar turnos para los visitantes de hoy, desde el lunes 30 de octubre. Se trata solo de un sistema de registro que est\u00e1 vigente para el cementerio San Juan Bautista y San Isidro. A quienes no se hayan registrado v\u00eda online deber\u00e1n hacerlo con el personal en los ingresos. &#8220;A ning\u00fan vecino se le va negar el ingreso, aclar\u00f3 el director general de Defunciones del municipio, Germ\u00e1n Voelki Berenz, en un comunicado.<\/p>\n\n\n\n<h2 class=\"wp-block-heading\">Instan a deudos capitalinos a regularizar tumbas en los dos cementerios<\/h2>\n\n\n\n<figure class=\"wp-block-image\"><img decoding=\"async\" src=\"https:\/\/www.diarioepoca.com\/content\/bucket\/3\/1329113w380h212c.jpg.webp\" alt=\"\"\/><\/figure>\n\n\n\n<p>Carteles de advertencia en nichos y panteones aparecieron desde hace un mes en los cementerios San Juan Bautista y San Isidro. Se trata de advertencias colocadas por la Comuna que pueden responder a distintos problemas.<\/p>\n\n\n\n<p>Uno de los motivos es por un obligatorio cambio de titularidad ante el fallecimiento de la persona a cargo registrada. En este caso, la familia deber\u00e1 designar a un nuevo titular y hacer el tr\u00e1mite. Y en segundo caso podr\u00eda ser que el nicho no est\u00e9 dado de alta en la Agencia Correntina de Recaudaci\u00f3n (ACOR), aqu\u00ed hay que darlo de alta con la tramitaci\u00f3n de un expediente.<\/p>\n\n\n\n<p>En tercer lugar, el cartel puede deberse a un cambio de adrema, ya que se est\u00e1n asignando n\u00fameros nuevos. Se trata de una actualizaci\u00f3n y un proceso de reorganizaci\u00f3n.<\/p>\n\n\n\n<p>En \u00faltimo caso puede ser que el titular del nicho mantenga una deuda por el pago del lugar o pante\u00f3n.<\/p>\n\n\n\n<p>Vale recordar que la Direcci\u00f3n Defunciones est\u00e1 situada en calle 25 Mayo 1132 y atiende de lunes a viernes, de 7 a 20.<\/p>\n","protected":false},"excerpt":{"rendered":"<p>En el cementerio San Juan Bautista se instrument\u00f3 un plan para evitar una oleada de robos que asedi\u00f3 el a\u00f1o pasado a todo el predio. Adem\u00e1s, se tapiaron nichos que&hellip; <\/p>\n","protected":false},"author":3,"featured_media":99426,"comment_status":"closed","ping_status":"open","sticky":false,"template":"","format":"standard","meta":{"footnotes":""},"categories":[1],"tags":[],"class_list":["post-99425","post","type-post","status-publish","format-standard","has-post-thumbnail","hentry","category-informacion-general"],"_links":{"self":[{"href":"https:\/\/corrientesdetarde.com\/index.php\/wp-json\/wp\/v2\/posts\/99425","targetHints":{"allow":["GET"]}}],"collection":[{"href":"https:\/\/corrientesdetarde.com\/index.php\/wp-json\/wp\/v2\/posts"}],"about":[{"href":"https:\/\/corrientesdetarde.com\/index.php\/wp-json\/wp\/v2\/types\/post"}],"author":[{"embeddable":true,"href":"https:\/\/corrientesdetarde.com\/index.php\/wp-json\/wp\/v2\/users\/3"}],"replies":[{"embeddable":true,"href":"https:\/\/corrientesdetarde.com\/index.php\/wp-json\/wp\/v2\/comments?post=99425"}],"version-history":[{"count":1,"href":"https:\/\/corrientesdetarde.com\/index.php\/wp-json\/wp\/v2\/posts\/99425\/revisions"}],"predecessor-version":[{"id":99427,"href":"https:\/\/corrientesdetarde.com\/index.php\/wp-json\/wp\/v2\/posts\/99425\/revisions\/99427"}],"wp:featuredmedia":[{"embeddable":true,"href":"https:\/\/corrientesdetarde.com\/index.php\/wp-json\/wp\/v2\/media\/99426"}],"wp:attachment":[{"href":"https:\/\/corrientesdetarde.com\/index.php\/wp-json\/wp\/v2\/media?parent=99425"}],"wp:term":[{"taxonomy":"category","embeddable":true,"href":"https:\/\/corrientesdetarde.com\/index.php\/wp-json\/wp\/v2\/categories?post=99425"},{"taxonomy":"post_tag","embeddable":true,"href":"https:\/\/corrientesdetarde.com\/index.php\/wp-json\/wp\/v2\/tags?post=99425"}],"curies":[{"name":"wp","href":"https:\/\/api.w.org\/{rel}","templated":true}]}}