{"id":99428,"date":"2023-11-02T11:03:42","date_gmt":"2023-11-02T14:03:42","guid":{"rendered":"https:\/\/corrientesdetarde.com\/?p=99428"},"modified":"2023-11-02T11:03:44","modified_gmt":"2023-11-02T14:03:44","slug":"pese-a-que-no-hubo-aumentos-desciende-la-venta-de-flores","status":"publish","type":"post","link":"https:\/\/corrientesdetarde.com\/index.php\/informacion-general\/pese-a-que-no-hubo-aumentos-desciende-la-venta-de-flores\/","title":{"rendered":"Pese a que no hubo aumentos desciende la venta de flores"},"content":{"rendered":"\n<p>Los cementerios de la ciudad de Corrientes se colman cada 2 de noviembre. Por tradici\u00f3n, muchas personas se acercan con flores de distintas especies. Pero hoy, por diversos factores, disminuye cada vez m\u00e1s esta costumbre. El D\u00eda de la Primavera fue el de mayor venta.<\/p>\n\n\n\n<p>Las florer\u00edas del centro capitalino vivieron las horas previas al d\u00eda de los difuntos con muchas expectativas. Si bien no hubo aumentos, las ventas no son las que esperaban.<\/p>\n\n\n\n<p>Para el sector es una de las fechas especiales, aunque con el paso de los a\u00f1os otras festividades fueron posicionando y ganando terreno.<\/p>\n\n\n\n<p>En comparaci\u00f3n con el d\u00eda de la madre, un comerciante coment\u00f3 que no hubo modificaci\u00f3n de precios pese a los movimientos que a diario tiene la econom\u00eda de este pa\u00eds (como ejemplo la suba de la nafta).<\/p>\n\n\n\n<p>&#8220;Por suerte, en relaci\u00f3n al d\u00eda de la madre los precios se mantuvieron&#8221;, expres\u00f3 Leandro, un joven comerciante que recibi\u00f3 a \u00e9poca en su local de calle La Rioja casi Quintana.<\/p>\n\n\n\n<p>Vale recordar que la festividad por las madres en el pa\u00eds es una de las m\u00e1s importantes en materia comercial. Mucha gente aprovecha para realizar distintos obsequios y las flores o plantas son una opci\u00f3n, aunque tradicionalmente las compras de flores se hacen para llevarlas al cementerio.<\/p>\n\n\n\n<figure class=\"wp-block-image\"><img decoding=\"async\" src=\"https:\/\/www.diarioepoca.com\/content\/bucket\/2\/1329072w380h132c.jpg.webp\" alt=\"\"\/><\/figure>\n\n\n\n<p>Eso tambi\u00e9n sucede cada 2 de noviembre. De acuerdo a lo informado por Leandro y otros referentes del sector que mantuvieron contacto con este matutino, tanto en el d\u00eda de la madre como el d\u00eda de los fieles difuntos tuvieron un descenso en lo que hace a venta de flores.<\/p>\n\n\n\n<figure class=\"wp-block-image\"><img decoding=\"async\" src=\"https:\/\/www.diarioepoca.com\/content\/bucket\/1\/1329071w380h286c.jpg.webp\" alt=\"\"\/><figcaption>EN ALGUNOS COMERCIOS BUSCAN CON OFERTAS ATRAPAR A LOS CONSUMIDORES.<\/figcaption><\/figure>\n\n\n\n<p>&#8220;Antes vend\u00edamos m\u00e1s en esas fechas. Entendemos que la crisis les llega y nuestros productos no son de primera necesidad. Adem\u00e1s, muchos prefieren comprar en las florer\u00edas o puestos que se encuentran en los cementerios&#8221;, dijo Leandro.<\/p>\n\n\n\n<p>En cuanto a precios, coment\u00f3 que la docena de yerbera cuesta $4.000 y $400 cada una. Por otra parte, la docena de crisantemos sale $8.000, mientras que cada uno cuesta $800.<\/p>\n\n\n\n<p>El comerciante destac\u00f3 que el d\u00eda de la primavera es el m\u00e1s fuerte en ventas para el sector. &#8220;Hace unos a\u00f1os pas\u00f3 a ser el d\u00eda que m\u00e1s vendemos. Tiene que ver con el advenimiento de las redes sociales y las costumbres de otros pa\u00edses. Esto se not\u00f3 en lo que hace a las flores amarillas, que hace unos a\u00f1os se impuso y este 2023 tuvo un boom tremendo tambi\u00e9n en Corrientes&#8221;, expres\u00f3.<\/p>\n","protected":false},"excerpt":{"rendered":"<p>Los cementerios de la ciudad de Corrientes se colman cada 2 de noviembre. Por tradici\u00f3n, muchas personas se acercan con flores de distintas especies. Pero hoy, por diversos factores, disminuye&hellip; <\/p>\n","protected":false},"author":3,"featured_media":99429,"comment_status":"closed","ping_status":"open","sticky":false,"template":"","format":"standard","meta":{"footnotes":""},"categories":[1],"tags":[],"class_list":["post-99428","post","type-post","status-publish","format-standard","has-post-thumbnail","hentry","category-informacion-general"],"_links":{"self":[{"href":"https:\/\/corrientesdetarde.com\/index.php\/wp-json\/wp\/v2\/posts\/99428","targetHints":{"allow":["GET"]}}],"collection":[{"href":"https:\/\/corrientesdetarde.com\/index.php\/wp-json\/wp\/v2\/posts"}],"about":[{"href":"https:\/\/corrientesdetarde.com\/index.php\/wp-json\/wp\/v2\/types\/post"}],"author":[{"embeddable":true,"href":"https:\/\/corrientesdetarde.com\/index.php\/wp-json\/wp\/v2\/users\/3"}],"replies":[{"embeddable":true,"href":"https:\/\/corrientesdetarde.com\/index.php\/wp-json\/wp\/v2\/comments?post=99428"}],"version-history":[{"count":1,"href":"https:\/\/corrientesdetarde.com\/index.php\/wp-json\/wp\/v2\/posts\/99428\/revisions"}],"predecessor-version":[{"id":99430,"href":"https:\/\/corrientesdetarde.com\/index.php\/wp-json\/wp\/v2\/posts\/99428\/revisions\/99430"}],"wp:featuredmedia":[{"embeddable":true,"href":"https:\/\/corrientesdetarde.com\/index.php\/wp-json\/wp\/v2\/media\/99429"}],"wp:attachment":[{"href":"https:\/\/corrientesdetarde.com\/index.php\/wp-json\/wp\/v2\/media?parent=99428"}],"wp:term":[{"taxonomy":"category","embeddable":true,"href":"https:\/\/corrientesdetarde.com\/index.php\/wp-json\/wp\/v2\/categories?post=99428"},{"taxonomy":"post_tag","embeddable":true,"href":"https:\/\/corrientesdetarde.com\/index.php\/wp-json\/wp\/v2\/tags?post=99428"}],"curies":[{"name":"wp","href":"https:\/\/api.w.org\/{rel}","templated":true}]}}