{"id":99431,"date":"2023-11-02T11:04:40","date_gmt":"2023-11-02T14:04:40","guid":{"rendered":"https:\/\/corrientesdetarde.com\/?p=99431"},"modified":"2023-11-07T09:24:27","modified_gmt":"2023-11-07T12:24:27","slug":"los-cdi-y-colegios-catolicos-de-capital-celebraron-angeles-somos","status":"publish","type":"post","link":"https:\/\/corrientesdetarde.com\/index.php\/informacion-general\/los-cdi-y-colegios-catolicos-de-capital-celebraron-angeles-somos\/","title":{"rendered":"Los CDI y colegios cat\u00f3licos de Capital celebraron \u00c1ngeles Somos"},"content":{"rendered":"\n<p>Tanto por peatonal Jun\u00edn como en Casa de Gobierno y dem\u00e1s reparticiones, los peque\u00f1os recrearon esta tradici\u00f3n correntina.<\/p>\n\n\n\n<p>En una actividad organizada por la Municipalidad, a trav\u00e9s de la Secretar\u00eda de Cultura y Educaci\u00f3n, la antigua tradici\u00f3n cultural correntina de \u00c1ngeles Somos fue recreada ayer en la peatonal Jun\u00edn por un contingente de ni\u00f1os de las salas de 3 y 4 a\u00f1os de los Centros de Desarrollo Infantil (CDI) de los barrios San Marcos y San Benito.<\/p>\n\n\n\n<p>El secretario de Cultura y Educaci\u00f3n municipal, Jos\u00e9 Sand, quien estuvo a cargo de la actividad, afirm\u00f3 que &#8220;la Municipalidad fortalece esta tradici\u00f3n tan emblem\u00e1tica y arraigada en la sociedad correntina y cuenta, adem\u00e1s, con la participaci\u00f3n de los m\u00e1s peque\u00f1os&#8221;. El funcionario detall\u00f3 que los alumnos de los CDI recorrieron &#8220;la peatonal Jun\u00edn, interactuaron con los vecinos y comerciantes adem\u00e1s de contagiar a los adultos este significado que tiene \u00c1ngeles Somos&#8221;.<\/p>\n\n\n\n<p>Sand sostuvo que estas actividades permiten que los ni\u00f1os &#8220;tengan un sentido de pertenencia en estas fiestas o en estas fechas tan tradicionales y, por supuesto, trasladarlas a sus casas, porque ellos tambi\u00e9n comparten esta experiencia con sus padres&#8221;.<\/p>\n\n\n\n<p>El Secretario de Cultura y Educaci\u00f3n se\u00f1al\u00f3 que &#8220;cada uno de los Centros de Desarrollo Infantil va a trabajar en sostener esta fiesta en los barrios, por eso ellos quedan en su zona para recorrer cada una de las casas&#8221;.<\/p>\n\n\n\n<p>Por su parte, la directora general de los CDI, Vanessa Romaniv, afirm\u00f3 que es importante revalorizar esta tradici\u00f3n &#8220;sobre todo cuando tenemos tantas influencias de culturas ajenas&#8221;.<\/p>\n\n\n\n<p>Romaniv detall\u00f3 que &#8220;los chicos dieron su mensaje con el canto tradicional de \u00c1ngeles Somos, tienen su souvenir, su tarjetita y dijeron el cantito que practicaron con las docentes&#8221;.<\/p>\n\n\n\n<p>Entre tanto, la jefa de Departamento del CDI IX del barrio San Benito, M\u00f3nica Mora, destac\u00f3 que trabajan &#8220;en conjunto con la familia para sostener y revivir la cultura de la provincia&#8221;.<\/p>\n\n\n\n<h2 class=\"wp-block-heading\">La Casa de Gobierno se llen\u00f3 de angelitos<\/h2>\n\n\n\n<figure class=\"wp-block-image\"><img decoding=\"async\" src=\"https:\/\/www.diarioepoca.com\/content\/bucket\/2\/1329112w380h199c.jpg.webp\" alt=\"\"\/><\/figure>\n\n\n\n<p>El ministro de Planificaci\u00f3n y Coordinaci\u00f3n, Miguel Olivieri, en representaci\u00f3n de la Provincia, recibi\u00f3 en el Sal\u00f3n Amarillo a angelitos jardineros del Colegio Santa Teresita. Los peque\u00f1os asistieron acompa\u00f1ados de docentes y tutores. Esta tradici\u00f3n correntina se renueva a\u00f1o tras a\u00f1o.<\/p>\n\n\n\n<p>Olivieri manifest\u00f3 que &#8220;en todas las actividades que realiza el Gobierno los ni\u00f1os est\u00e1n como eje principal, uno los ve en las inauguraciones de jardines con peque\u00f1os de 4 y 5 a\u00f1os que lleva a cabo el Gobernador&#8221;, y agreg\u00f3 que &#8220;todas las propuestas son de forma igualitarias&#8221;.<\/p>\n\n\n\n<p>&#8220;Apoyamos la b\u00fasqueda de revalorizar nuestras tradiciones&#8221;, finaliz\u00f3 Olivieri.<\/p>\n","protected":false},"excerpt":{"rendered":"<p>Tanto por peatonal Jun\u00edn como en Casa de Gobierno y dem\u00e1s reparticiones, los peque\u00f1os recrearon esta tradici\u00f3n correntina. En una actividad organizada por la Municipalidad, a trav\u00e9s de la Secretar\u00eda&hellip; <\/p>\n","protected":false},"author":3,"featured_media":99432,"comment_status":"closed","ping_status":"open","sticky":false,"template":"","format":"standard","meta":{"footnotes":""},"categories":[1],"tags":[],"class_list":["post-99431","post","type-post","status-publish","format-standard","has-post-thumbnail","hentry","category-informacion-general"],"_links":{"self":[{"href":"https:\/\/corrientesdetarde.com\/index.php\/wp-json\/wp\/v2\/posts\/99431","targetHints":{"allow":["GET"]}}],"collection":[{"href":"https:\/\/corrientesdetarde.com\/index.php\/wp-json\/wp\/v2\/posts"}],"about":[{"href":"https:\/\/corrientesdetarde.com\/index.php\/wp-json\/wp\/v2\/types\/post"}],"author":[{"embeddable":true,"href":"https:\/\/corrientesdetarde.com\/index.php\/wp-json\/wp\/v2\/users\/3"}],"replies":[{"embeddable":true,"href":"https:\/\/corrientesdetarde.com\/index.php\/wp-json\/wp\/v2\/comments?post=99431"}],"version-history":[{"count":1,"href":"https:\/\/corrientesdetarde.com\/index.php\/wp-json\/wp\/v2\/posts\/99431\/revisions"}],"predecessor-version":[{"id":99433,"href":"https:\/\/corrientesdetarde.com\/index.php\/wp-json\/wp\/v2\/posts\/99431\/revisions\/99433"}],"wp:featuredmedia":[{"embeddable":true,"href":"https:\/\/corrientesdetarde.com\/index.php\/wp-json\/wp\/v2\/media\/99432"}],"wp:attachment":[{"href":"https:\/\/corrientesdetarde.com\/index.php\/wp-json\/wp\/v2\/media?parent=99431"}],"wp:term":[{"taxonomy":"category","embeddable":true,"href":"https:\/\/corrientesdetarde.com\/index.php\/wp-json\/wp\/v2\/categories?post=99431"},{"taxonomy":"post_tag","embeddable":true,"href":"https:\/\/corrientesdetarde.com\/index.php\/wp-json\/wp\/v2\/tags?post=99431"}],"curies":[{"name":"wp","href":"https:\/\/api.w.org\/{rel}","templated":true}]}}