{"id":99461,"date":"2023-11-02T13:05:48","date_gmt":"2023-11-02T16:05:48","guid":{"rendered":"https:\/\/corrientesdetarde.com\/?p=99461"},"modified":"2023-11-02T13:05:51","modified_gmt":"2023-11-02T16:05:51","slug":"un-motociclista-esta-grave-tras-chocar-contra-un-camion-en-plena-ruta","status":"publish","type":"post","link":"https:\/\/corrientesdetarde.com\/index.php\/policiales\/un-motociclista-esta-grave-tras-chocar-contra-un-camion-en-plena-ruta\/","title":{"rendered":"Un motociclista est\u00e1 grave tras chocar contra un cami\u00f3n en plena ruta"},"content":{"rendered":"\n<p>El accidente tuvo lugar en horas de la madrugada.\u00a0<\/p>\n\n\n\n<p>Un motociclista&nbsp; se encuentra grave tras chocar su veh\u00edculo contra un cami\u00f3n, informaron este jueves medios locales.&nbsp;<\/p>\n\n\n\n<p>El accidente tuvo lugar durante la madrugada de hoy en inmediaciones de la Ruta Nacional N\u00b014 en cercan\u00edas de la localidad correntina de Gobernador Virasoro.&nbsp;<\/p>\n\n\n\n<p>El siniestro tuvo como protagonistas a un cami\u00f3n que era conducido por un hombre de 42 a\u00f1os de edad y una motocicleta guiada por un joven de apellido G\u00f3mez de 31 a\u00f1os de edad.&nbsp;<\/p>\n\n\n\n<p>A consecuencias del mismo, el motociclista result\u00f3 con heridas de gravedad y fue trasladado a un centro medico en donde permanece internado en estado reservado, detallaron.&nbsp;<\/p>\n\n\n\n<p>Tras realizar las pericias correspondientes se determin\u00f3 que el rodado mayor&nbsp;realiz\u00f3 una maniobra para ingresar a una fabrica al costado de la ruta&nbsp;cuando fue embestido&nbsp;por la moto a la altura del eje trasero.<\/p>\n\n\n\n<p>Al respecto se realizan las diligencias correspondientes al caso.\u00a0<\/p>\n","protected":false},"excerpt":{"rendered":"<p>El accidente tuvo lugar en horas de la madrugada.\u00a0 Un motociclista&nbsp; se encuentra grave tras chocar su veh\u00edculo contra un cami\u00f3n, informaron este jueves medios locales.&nbsp; El accidente tuvo lugar&hellip; <\/p>\n","protected":false},"author":3,"featured_media":99462,"comment_status":"closed","ping_status":"open","sticky":false,"template":"","format":"standard","meta":{"footnotes":""},"categories":[33],"tags":[],"class_list":["post-99461","post","type-post","status-publish","format-standard","has-post-thumbnail","hentry","category-policiales"],"_links":{"self":[{"href":"https:\/\/corrientesdetarde.com\/index.php\/wp-json\/wp\/v2\/posts\/99461","targetHints":{"allow":["GET"]}}],"collection":[{"href":"https:\/\/corrientesdetarde.com\/index.php\/wp-json\/wp\/v2\/posts"}],"about":[{"href":"https:\/\/corrientesdetarde.com\/index.php\/wp-json\/wp\/v2\/types\/post"}],"author":[{"embeddable":true,"href":"https:\/\/corrientesdetarde.com\/index.php\/wp-json\/wp\/v2\/users\/3"}],"replies":[{"embeddable":true,"href":"https:\/\/corrientesdetarde.com\/index.php\/wp-json\/wp\/v2\/comments?post=99461"}],"version-history":[{"count":1,"href":"https:\/\/corrientesdetarde.com\/index.php\/wp-json\/wp\/v2\/posts\/99461\/revisions"}],"predecessor-version":[{"id":99463,"href":"https:\/\/corrientesdetarde.com\/index.php\/wp-json\/wp\/v2\/posts\/99461\/revisions\/99463"}],"wp:featuredmedia":[{"embeddable":true,"href":"https:\/\/corrientesdetarde.com\/index.php\/wp-json\/wp\/v2\/media\/99462"}],"wp:attachment":[{"href":"https:\/\/corrientesdetarde.com\/index.php\/wp-json\/wp\/v2\/media?parent=99461"}],"wp:term":[{"taxonomy":"category","embeddable":true,"href":"https:\/\/corrientesdetarde.com\/index.php\/wp-json\/wp\/v2\/categories?post=99461"},{"taxonomy":"post_tag","embeddable":true,"href":"https:\/\/corrientesdetarde.com\/index.php\/wp-json\/wp\/v2\/tags?post=99461"}],"curies":[{"name":"wp","href":"https:\/\/api.w.org\/{rel}","templated":true}]}}