{"id":99464,"date":"2023-11-02T13:06:40","date_gmt":"2023-11-02T16:06:40","guid":{"rendered":"https:\/\/corrientesdetarde.com\/?p=99464"},"modified":"2023-11-02T13:06:41","modified_gmt":"2023-11-02T16:06:41","slug":"en-la-jefatura-de-policia-se-realizo-una-misa-por-el-dia-de-todos-los-santos","status":"publish","type":"post","link":"https:\/\/corrientesdetarde.com\/index.php\/informacion-general\/en-la-jefatura-de-policia-se-realizo-una-misa-por-el-dia-de-todos-los-santos\/","title":{"rendered":"En la Jefatura de Polic\u00eda se realiz\u00f3 una misa por el D\u00eda de Todos los Santos"},"content":{"rendered":"\n<p>En el Patio Central de la Jefatura de Polic\u00eda de Corrientes se realiz\u00f3 una misa por el D\u00eda de Todos los Santos. All\u00ed recibieron la visita de ni\u00f1os vestidos de angelitos.<\/p>\n\n\n\n<p>Luego, se efectu\u00f3 el oficio religioso, que fue celebrado por el capell\u00e1n principal de la instituci\u00f3n, Guillermo Danuzo.<\/p>\n\n\n\n<p>Para finalizar se realiz\u00f3 la presentaci\u00f3n de uniformes y equipamientos varios, destinados a diferentes \u00e1reas de la Polic\u00eda y los cuales fueron adquiridos recientemente por el Gobierno provincial.<\/p>\n","protected":false},"excerpt":{"rendered":"<p>En el Patio Central de la Jefatura de Polic\u00eda de Corrientes se realiz\u00f3 una misa por el D\u00eda de Todos los Santos. All\u00ed recibieron la visita de ni\u00f1os vestidos de&hellip; <\/p>\n","protected":false},"author":3,"featured_media":99465,"comment_status":"closed","ping_status":"open","sticky":false,"template":"","format":"standard","meta":{"footnotes":""},"categories":[1],"tags":[],"class_list":["post-99464","post","type-post","status-publish","format-standard","has-post-thumbnail","hentry","category-informacion-general"],"_links":{"self":[{"href":"https:\/\/corrientesdetarde.com\/index.php\/wp-json\/wp\/v2\/posts\/99464","targetHints":{"allow":["GET"]}}],"collection":[{"href":"https:\/\/corrientesdetarde.com\/index.php\/wp-json\/wp\/v2\/posts"}],"about":[{"href":"https:\/\/corrientesdetarde.com\/index.php\/wp-json\/wp\/v2\/types\/post"}],"author":[{"embeddable":true,"href":"https:\/\/corrientesdetarde.com\/index.php\/wp-json\/wp\/v2\/users\/3"}],"replies":[{"embeddable":true,"href":"https:\/\/corrientesdetarde.com\/index.php\/wp-json\/wp\/v2\/comments?post=99464"}],"version-history":[{"count":1,"href":"https:\/\/corrientesdetarde.com\/index.php\/wp-json\/wp\/v2\/posts\/99464\/revisions"}],"predecessor-version":[{"id":99466,"href":"https:\/\/corrientesdetarde.com\/index.php\/wp-json\/wp\/v2\/posts\/99464\/revisions\/99466"}],"wp:featuredmedia":[{"embeddable":true,"href":"https:\/\/corrientesdetarde.com\/index.php\/wp-json\/wp\/v2\/media\/99465"}],"wp:attachment":[{"href":"https:\/\/corrientesdetarde.com\/index.php\/wp-json\/wp\/v2\/media?parent=99464"}],"wp:term":[{"taxonomy":"category","embeddable":true,"href":"https:\/\/corrientesdetarde.com\/index.php\/wp-json\/wp\/v2\/categories?post=99464"},{"taxonomy":"post_tag","embeddable":true,"href":"https:\/\/corrientesdetarde.com\/index.php\/wp-json\/wp\/v2\/tags?post=99464"}],"curies":[{"name":"wp","href":"https:\/\/api.w.org\/{rel}","templated":true}]}}