{"id":99477,"date":"2023-11-02T18:05:31","date_gmt":"2023-11-02T21:05:31","guid":{"rendered":"https:\/\/corrientesdetarde.com\/?p=99477"},"modified":"2023-11-02T18:05:32","modified_gmt":"2023-11-02T21:05:32","slug":"alberto-recorrio-obras-en-la-boca-y-massa-sigue-en-campana-entre-denuncias-e-internas","status":"publish","type":"post","link":"https:\/\/corrientesdetarde.com\/index.php\/politica\/alberto-recorrio-obras-en-la-boca-y-massa-sigue-en-campana-entre-denuncias-e-internas\/","title":{"rendered":"Alberto recorri\u00f3 obras en la Boca y Massa sigue en campa\u00f1a entre denuncias e internas"},"content":{"rendered":"\n<p><strong>Por Juan Pablo Peralta desde Casa Rosada<\/strong><\/p>\n\n\n\n<p>El presidente Alberto Fern\u00e1ndez hizo una recorrida por obras en ejecuci\u00f3n de un edificio de la Universidad del Arte en La Boca. El Mandatario mantiene su silencio en medio de la campa\u00f1a de Sergio Massa, quien hoy particip\u00f3 de la Asamblea Legislativa encabezada por Cristina Kirchner que proclam\u00f3 las dos f\u00f3rmulas que competir\u00e1n en el balotaje del 19 de noviembre. <\/p>\n\n\n\n<figure class=\"wp-block-embed is-type-video is-provider-youtube wp-block-embed-youtube wp-embed-aspect-16-9 wp-has-aspect-ratio\"><div class=\"wp-block-embed__wrapper\">\n<iframe loading=\"lazy\" title=\"Alberto recorri\u00f3 obras en la Boca y Massa sigue en campa\u00f1a entre denuncias e internas\" width=\"1110\" height=\"624\" src=\"https:\/\/www.youtube.com\/embed\/D3cV1cZudrw?feature=oembed\" frameborder=\"0\" allow=\"accelerometer; autoplay; clipboard-write; encrypted-media; gyroscope; picture-in-picture; web-share\" allowfullscreen><\/iframe>\n<\/div><\/figure>\n\n\n\n<p>El ministro de Econom\u00eda y candidato oficialista recibi\u00f3 una denuncia penal de dirigentes opositores por violar la veda haciendo anuncios en el per\u00edodo electoral. Asimismo, el jefe de Hacienda tom\u00f3 distancia del comunicado de la Canciller\u00eda argentina que conden\u00f3 el ataque de Iasrael a un campo de refugiados en Gaza. Una actitud que demuestra las diferencias internas que sigue habiendo en la coalici\u00f3n gobernante en materia de pol\u00edtica internacional.<\/p>\n","protected":false},"excerpt":{"rendered":"<p>Por Juan Pablo Peralta desde Casa Rosada El presidente Alberto Fern\u00e1ndez hizo una recorrida por obras en ejecuci\u00f3n de un edificio de la Universidad del Arte en La Boca. El&hellip; <\/p>\n","protected":false},"author":11,"featured_media":81081,"comment_status":"closed","ping_status":"open","sticky":false,"template":"","format":"standard","meta":{"footnotes":""},"categories":[10,3],"tags":[],"class_list":["post-99477","post","type-post","status-publish","format-standard","has-post-thumbnail","hentry","category-nacionales","category-politica"],"_links":{"self":[{"href":"https:\/\/corrientesdetarde.com\/index.php\/wp-json\/wp\/v2\/posts\/99477","targetHints":{"allow":["GET"]}}],"collection":[{"href":"https:\/\/corrientesdetarde.com\/index.php\/wp-json\/wp\/v2\/posts"}],"about":[{"href":"https:\/\/corrientesdetarde.com\/index.php\/wp-json\/wp\/v2\/types\/post"}],"author":[{"embeddable":true,"href":"https:\/\/corrientesdetarde.com\/index.php\/wp-json\/wp\/v2\/users\/11"}],"replies":[{"embeddable":true,"href":"https:\/\/corrientesdetarde.com\/index.php\/wp-json\/wp\/v2\/comments?post=99477"}],"version-history":[{"count":1,"href":"https:\/\/corrientesdetarde.com\/index.php\/wp-json\/wp\/v2\/posts\/99477\/revisions"}],"predecessor-version":[{"id":99482,"href":"https:\/\/corrientesdetarde.com\/index.php\/wp-json\/wp\/v2\/posts\/99477\/revisions\/99482"}],"wp:featuredmedia":[{"embeddable":true,"href":"https:\/\/corrientesdetarde.com\/index.php\/wp-json\/wp\/v2\/media\/81081"}],"wp:attachment":[{"href":"https:\/\/corrientesdetarde.com\/index.php\/wp-json\/wp\/v2\/media?parent=99477"}],"wp:term":[{"taxonomy":"category","embeddable":true,"href":"https:\/\/corrientesdetarde.com\/index.php\/wp-json\/wp\/v2\/categories?post=99477"},{"taxonomy":"post_tag","embeddable":true,"href":"https:\/\/corrientesdetarde.com\/index.php\/wp-json\/wp\/v2\/tags?post=99477"}],"curies":[{"name":"wp","href":"https:\/\/api.w.org\/{rel}","templated":true}]}}