{"id":99478,"date":"2023-11-02T18:11:44","date_gmt":"2023-11-02T21:11:44","guid":{"rendered":"https:\/\/corrientesdetarde.com\/?p=99478"},"modified":"2023-11-02T18:11:55","modified_gmt":"2023-11-02T21:11:55","slug":"joven-fue-detenido-por-presunto-abuso-a-su-sobrina","status":"publish","type":"post","link":"https:\/\/corrientesdetarde.com\/index.php\/policiales\/joven-fue-detenido-por-presunto-abuso-a-su-sobrina\/","title":{"rendered":"Joven fue detenido por presunto abuso a su sobrina."},"content":{"rendered":"\n<h2 class=\"wp-block-heading\">Miembros de la Polic\u00eda de Corrientes detuvieron en la medianoche del mi\u00e9rcoles a un joven de 22 a\u00f1os por el supuesto abuso sexual de sus sobrina de nueve. El operativo se realiz\u00f3 en el barrio Colombia Granaderos de la ciudad de Corrientes.<\/h2>\n\n\n\n<p>En la medianoche del mi\u00e9rcoles personal del Destacamento San Marcos, dependiente de la Polic\u00eda de Corrientes acudi\u00f3 ante una grave denuncia a una vivienda del barrio Colombia Granaderos de esta Capital.<\/p>\n\n\n\n<p>Al llegar al lugar los uniformados detuvieron a un joven de 22 a\u00f1os, acusado del\u00a0supuesto abuso sexual de su sobrina de 9 a\u00f1os. El sujeto qued\u00f3 a disposici\u00f3n de la Justica para las averiguaciones correspondiete.<\/p>\n","protected":false},"excerpt":{"rendered":"<p>Miembros de la Polic\u00eda de Corrientes detuvieron en la medianoche del mi\u00e9rcoles a un joven de 22 a\u00f1os por el supuesto abuso sexual de sus sobrina de nueve. El operativo&hellip; <\/p>\n","protected":false},"author":6,"featured_media":99485,"comment_status":"closed","ping_status":"open","sticky":false,"template":"","format":"standard","meta":{"footnotes":""},"categories":[33],"tags":[],"class_list":["post-99478","post","type-post","status-publish","format-standard","has-post-thumbnail","hentry","category-policiales"],"_links":{"self":[{"href":"https:\/\/corrientesdetarde.com\/index.php\/wp-json\/wp\/v2\/posts\/99478","targetHints":{"allow":["GET"]}}],"collection":[{"href":"https:\/\/corrientesdetarde.com\/index.php\/wp-json\/wp\/v2\/posts"}],"about":[{"href":"https:\/\/corrientesdetarde.com\/index.php\/wp-json\/wp\/v2\/types\/post"}],"author":[{"embeddable":true,"href":"https:\/\/corrientesdetarde.com\/index.php\/wp-json\/wp\/v2\/users\/6"}],"replies":[{"embeddable":true,"href":"https:\/\/corrientesdetarde.com\/index.php\/wp-json\/wp\/v2\/comments?post=99478"}],"version-history":[{"count":1,"href":"https:\/\/corrientesdetarde.com\/index.php\/wp-json\/wp\/v2\/posts\/99478\/revisions"}],"predecessor-version":[{"id":99486,"href":"https:\/\/corrientesdetarde.com\/index.php\/wp-json\/wp\/v2\/posts\/99478\/revisions\/99486"}],"wp:featuredmedia":[{"embeddable":true,"href":"https:\/\/corrientesdetarde.com\/index.php\/wp-json\/wp\/v2\/media\/99485"}],"wp:attachment":[{"href":"https:\/\/corrientesdetarde.com\/index.php\/wp-json\/wp\/v2\/media?parent=99478"}],"wp:term":[{"taxonomy":"category","embeddable":true,"href":"https:\/\/corrientesdetarde.com\/index.php\/wp-json\/wp\/v2\/categories?post=99478"},{"taxonomy":"post_tag","embeddable":true,"href":"https:\/\/corrientesdetarde.com\/index.php\/wp-json\/wp\/v2\/tags?post=99478"}],"curies":[{"name":"wp","href":"https:\/\/api.w.org\/{rel}","templated":true}]}}