{"id":99479,"date":"2023-11-02T18:08:13","date_gmt":"2023-11-02T21:08:13","guid":{"rendered":"https:\/\/corrientesdetarde.com\/?p=99479"},"modified":"2023-11-02T18:08:18","modified_gmt":"2023-11-02T21:08:18","slug":"un-noticiero-de-neuquen-capto-en-vivo-un-robo","status":"publish","type":"post","link":"https:\/\/corrientesdetarde.com\/index.php\/policiales\/un-noticiero-de-neuquen-capto-en-vivo-un-robo\/","title":{"rendered":"Un noticiero de Neuqu\u00e9n capt\u00f3 en vivo un robo."},"content":{"rendered":"\n<h2 class=\"wp-block-heading\">Conductores de un noticiero local de Neuqu\u00e9n emit\u00edan su primer programa desde el Portal Patagonia, cuando tres delincuentes intentaron robar un celular en el patio de comidas. El grupo pas\u00f3 corriendo por detr\u00e1s de c\u00e1mara. &#8220;Tiene un arma&#8221;, exclam\u00f3 uno de los periodistas.<\/h2>\n\n\n\n<p>Un ins\u00f3lito episodio de inseguridad se vivi\u00f3 este mi\u00e9rcoles en la ciudad de Neuqu\u00e9n, cuando tres delincuentes armados huyeron por los pasillos del shopping Portal Patagonia, luego de intentar robar en el sector del patio de comidas.<\/p>\n\n\n\n<p>Lo llamativo y particular del caso, adem\u00e1s de las caracter\u00edsticas del robo -en un shopping, con seguridad y a plena luz del d\u00eda- es que todo qued\u00f3 registrado en vivo y en directo por las c\u00e1maras del noticiero radial &#8220;Al cierre de Noticias&#8221;, que emit\u00eda su primer programa al aire de AM 1400.<\/p>\n\n\n\n<p>El hecho ocurri\u00f3 cerca pasadas las 19.15, cuando los periodistas Mario Nico Gonz\u00e1les, Juan Pablo Iozzia y Evangelina Zingoni, transmit\u00edan por el streaming de Radio Cumbre, cuando sorpresivamente, a sus espaldas, se empiezan a escuchar gritos y aparecen en cuadro los nuevos protagonistas.<\/p>\n\n\n\n<p>Entre corridas y bullicio, los tres j\u00f3venes, aparentemente armados, huyen por los pasillos del lugar, mientras la seguridad, damnificados y otros clientes, los persiguen. Otros comerciantes bajan las persianas de sus locales.<\/p>\n\n\n\n<p>Seg\u00fan trascendi\u00f3, los delincuentes -que finalmente lograron huir en un VW Vento gris que aguardaba en el estacionamiento- llevaban al menos un arma de fuego calibre 9 mm y un arma blanca.<\/p>\n\n\n\n<p>Adem\u00e1s, aseguran que son de la zona del Oeste Neuquino y que cuentan con antecedentes penales.<\/p>\n\n\n\n<p><em>Fuente: Neuqu\u00e9n al Instante.<\/em><\/p>\n","protected":false},"excerpt":{"rendered":"<p>Conductores de un noticiero local de Neuqu\u00e9n emit\u00edan su primer programa desde el Portal Patagonia, cuando tres delincuentes intentaron robar un celular en el patio de comidas. El grupo pas\u00f3&hellip; <\/p>\n","protected":false},"author":6,"featured_media":99483,"comment_status":"closed","ping_status":"open","sticky":false,"template":"","format":"standard","meta":{"footnotes":""},"categories":[33],"tags":[],"class_list":["post-99479","post","type-post","status-publish","format-standard","has-post-thumbnail","hentry","category-policiales"],"_links":{"self":[{"href":"https:\/\/corrientesdetarde.com\/index.php\/wp-json\/wp\/v2\/posts\/99479","targetHints":{"allow":["GET"]}}],"collection":[{"href":"https:\/\/corrientesdetarde.com\/index.php\/wp-json\/wp\/v2\/posts"}],"about":[{"href":"https:\/\/corrientesdetarde.com\/index.php\/wp-json\/wp\/v2\/types\/post"}],"author":[{"embeddable":true,"href":"https:\/\/corrientesdetarde.com\/index.php\/wp-json\/wp\/v2\/users\/6"}],"replies":[{"embeddable":true,"href":"https:\/\/corrientesdetarde.com\/index.php\/wp-json\/wp\/v2\/comments?post=99479"}],"version-history":[{"count":1,"href":"https:\/\/corrientesdetarde.com\/index.php\/wp-json\/wp\/v2\/posts\/99479\/revisions"}],"predecessor-version":[{"id":99484,"href":"https:\/\/corrientesdetarde.com\/index.php\/wp-json\/wp\/v2\/posts\/99479\/revisions\/99484"}],"wp:featuredmedia":[{"embeddable":true,"href":"https:\/\/corrientesdetarde.com\/index.php\/wp-json\/wp\/v2\/media\/99483"}],"wp:attachment":[{"href":"https:\/\/corrientesdetarde.com\/index.php\/wp-json\/wp\/v2\/media?parent=99479"}],"wp:term":[{"taxonomy":"category","embeddable":true,"href":"https:\/\/corrientesdetarde.com\/index.php\/wp-json\/wp\/v2\/categories?post=99479"},{"taxonomy":"post_tag","embeddable":true,"href":"https:\/\/corrientesdetarde.com\/index.php\/wp-json\/wp\/v2\/tags?post=99479"}],"curies":[{"name":"wp","href":"https:\/\/api.w.org\/{rel}","templated":true}]}}