{"id":99487,"date":"2023-11-02T18:30:12","date_gmt":"2023-11-02T21:30:12","guid":{"rendered":"https:\/\/corrientesdetarde.com\/?p=99487"},"modified":"2023-11-02T18:30:18","modified_gmt":"2023-11-02T21:30:18","slug":"termino-el-escrutinio-definitivo-de-las-elecciones-enterate-el-resultado","status":"publish","type":"post","link":"https:\/\/corrientesdetarde.com\/index.php\/politica\/termino-el-escrutinio-definitivo-de-las-elecciones-enterate-el-resultado\/","title":{"rendered":"Termin\u00f3 el escrutinio definitivo de las elecciones: enterate el resultado."},"content":{"rendered":"\n<h2 class=\"wp-block-heading\">La Justicia Nacional Electoral dio a conocer los n\u00fameros de la votaci\u00f3n que se realiz\u00f3 el 22 de octubre.<\/h2>\n\n\n\n<p>La Justicia Nacional Electoral dio a conocer este jueves los resultados del\u00a0<strong>escrutinio definitivo<\/strong>\u00a0de las\u00a0elecciones generales\u00a0de octubre. A diferencia de las PASO, cuando estos\u00a0mostraron una diferencia significativa con respecto a los primeros n\u00fameros, esta vez\u00a0<strong>no hubo sorpresas\u00a0<\/strong>y los porcentajes se mantuvieron similares a los del recuento provisorio.<\/p>\n\n\n\n<p>El candidato de Uni\u00f3n por la Patria,\u00a0<strong>Sergio Massa<\/strong>\u00a0-que result\u00f3 ganador de la jornada electoral- finalmente obtuvo el<strong>\u00a036,78%<\/strong>\u00a0mientras que\u00a0<strong>Javier Milei<\/strong>, de la Libertad Avanza, qued\u00f3 en segundo lugar con el\u00a0<strong>29,99 por ciento.<\/strong><\/p>\n\n\n\n<p>Ambos competir\u00e1n por la presidencia en el\u00a0balotaje\u00a0el pr\u00f3ximo 19 de noviembre, un escenario que se conoci\u00f3 el mismo domingo 22, cuando<strong>\u00a0los primeros resultados marcaron 36,68% para el ministro de Econom\u00eda y 29,98% para el l\u00edder libertario.<\/strong><\/p>\n\n\n\n<p><img loading=\"lazy\" decoding=\"async\" alt=\"Milei y Massa competir\u00e1n por la presidencia en una segunda vuelta, el 19 de noviembre\" height=\"1080\" width=\"1920\" src=\"https:\/\/www.infobae.com\/new-resizer\/86Ytf0eV6pLsAO-aEqkklBzYpVQ=\/420x236\/filters:format(webp):quality(85)\/cloudfront-us-east-1.images.arcpublishing.com\/infobae\/4J7ICWU45RCFBB7K7A4ZHORJZY.jpg%20420w\" srcset=\"https:\/\/www.infobae.com\/new-resizer\/86Ytf0eV6pLsAO-aEqkklBzYpVQ=\/420x236\/filters:format(webp):quality(85)\/cloudfront-us-east-1.images.arcpublishing.com\/infobae\/4J7ICWU45RCFBB7K7A4ZHORJZY.jpg 420w,https:\/\/www.infobae.com\/new-resizer\/SxepNa9m6q9FHdRM7pS1CwMgg_8=\/768x432\/filters:format(webp):quality(85)\/cloudfront-us-east-1.images.arcpublishing.com\/infobae\/4J7ICWU45RCFBB7K7A4ZHORJZY.jpg 768w,https:\/\/www.infobae.com\/new-resizer\/0kCGPHPy9Z4JmzzvDo_11vIJ93U=\/992x558\/filters:format(webp):quality(85)\/cloudfront-us-east-1.images.arcpublishing.com\/infobae\/4J7ICWU45RCFBB7K7A4ZHORJZY.jpg 992w,https:\/\/www.infobae.com\/new-resizer\/11wmT_pJ6Il_x3XUNQNq3TfoEWM=\/1200x675\/filters:format(webp):quality(85)\/cloudfront-us-east-1.images.arcpublishing.com\/infobae\/4J7ICWU45RCFBB7K7A4ZHORJZY.jpg 1200w,https:\/\/www.infobae.com\/new-resizer\/qFJhgpTQ5B0I8hJrjR8Ak_QOHks=\/1440x810\/filters:format(webp):quality(85)\/cloudfront-us-east-1.images.arcpublishing.com\/infobae\/4J7ICWU45RCFBB7K7A4ZHORJZY.jpg 1440w\">Milei y Massa competir\u00e1n por la presidencia en una segunda vuelta, el 19 de noviembre<\/p>\n\n\n\n<p><strong>Patricia Bullrich<\/strong>, por su parte, se consolid\u00f3 en el tercer lugar. De acuerdo al escrutinio definitivo, la referente de Juntos por el Cambio obtuvo el\u00a0<strong>23,81%\u00a0<\/strong>de los votos. Se trata de una diferencia m\u00ednima con el 23,84% que ya la hab\u00eda dejado afuera de la segunda vuelta electoral.<\/p>\n\n\n\n<p><strong>Juan Schiaretti,<\/strong>&nbsp;de Hacemos por Nuestro Pa\u00eds, finalmente tuvo a un<strong>&nbsp;6,73%<\/strong>&nbsp;del electorado a su favor. El recuento provisorio le hab\u00eda dado 6,78%, dejando en quinto puesto a&nbsp;<strong>Myriam Bregman<\/strong>, que sac\u00f3 un 2,70%. El conteo definitivo mantuvo el porcentaje de la l\u00edder del Frente de Izquierda.<\/p>\n\n\n\n<p>En cuanto a los ciudadanos que no se inclinaron por ninguno de los candidatos, se determin\u00f3 que hubo 597.051\u00a0<strong>votos en blanco.\u00a0<\/strong>Con la sumatoria de los resultados a nivel nacional, se confirma tambi\u00e9n una participaci\u00f3n del\u00a0<strong>77,04% de los electores habilitados<\/strong>.<\/p>\n\n\n\n<p>Los datos finales se conocen luego de que la C\u00e1mara Nacional Electoral (CNE) publicara el escrutinio definitivo realizado durante los \u00faltimos d\u00edas en 15 provincias. Este hab\u00eda dado un indicio de que el resultado a nivel nacional no iba a variar demasiado. Es que en la mayor parte del interior del pa\u00eds, la diferencia con el conteo provisorio hab\u00eda sido&nbsp;<strong>inferior al 0,08%.<\/strong><\/p>\n\n\n\n<p><img loading=\"lazy\" decoding=\"async\" alt=\"Javier Milei, Patricia Bullrich, Myriam Bregman, Sergio Massa y Juan Schiaretti, los cinco candidatos a presidente de la Naci\u00f3n.\" height=\"1080\" width=\"1920\" src=\"https:\/\/www.infobae.com\/new-resizer\/I0rzQ_bh9tO6dv5aJjmr3Pz8g5E=\/420x236\/filters:format(webp):quality(85)\/cloudfront-us-east-1.images.arcpublishing.com\/infobae\/H2NOLW37R5EWNMN4JJSOUCVH3Y.jpg%20420w\" srcset=\"https:\/\/www.infobae.com\/new-resizer\/I0rzQ_bh9tO6dv5aJjmr3Pz8g5E=\/420x236\/filters:format(webp):quality(85)\/cloudfront-us-east-1.images.arcpublishing.com\/infobae\/H2NOLW37R5EWNMN4JJSOUCVH3Y.jpg 420w,https:\/\/www.infobae.com\/new-resizer\/ychT1a4208VK3QEnTzQXJoFWxEs=\/768x432\/filters:format(webp):quality(85)\/cloudfront-us-east-1.images.arcpublishing.com\/infobae\/H2NOLW37R5EWNMN4JJSOUCVH3Y.jpg 768w,https:\/\/www.infobae.com\/new-resizer\/uaw7C_PDjfb3H9e_DnhwhR86LcE=\/992x558\/filters:format(webp):quality(85)\/cloudfront-us-east-1.images.arcpublishing.com\/infobae\/H2NOLW37R5EWNMN4JJSOUCVH3Y.jpg 992w,https:\/\/www.infobae.com\/new-resizer\/KQFawvLPcLPODdI1-IqiYbhguNo=\/1200x675\/filters:format(webp):quality(85)\/cloudfront-us-east-1.images.arcpublishing.com\/infobae\/H2NOLW37R5EWNMN4JJSOUCVH3Y.jpg 1200w,https:\/\/www.infobae.com\/new-resizer\/xl_GVo4ewdEGJudlVmCNbCXuKYE=\/1440x810\/filters:format(webp):quality(85)\/cloudfront-us-east-1.images.arcpublishing.com\/infobae\/H2NOLW37R5EWNMN4JJSOUCVH3Y.jpg 1440w\">Javier Milei, Patricia Bullrich, Myriam Bregman, Sergio Massa y Juan Schiaretti, los cinco candidatos a presidente de la Naci\u00f3n.<\/p>\n\n\n\n<h2 class=\"wp-block-heading\">\u00bfCu\u00e1l es la diferencia entre el escrutinio provisorio y el definitivo?<\/h2>\n\n\n\n<p>El&nbsp;<strong>escrutinio definitivo es el conteo de votos que lleva adelante la Justicia Nacional Electoral para obtener los resultados de las elecciones<\/strong>. Empieza 40 horas despu\u00e9s de los comicios y se hace a partir de las actas de escrutinio de cada mesa de los centros de votaci\u00f3n. En esta etapa, las agrupaciones pol\u00edticas que participaron de la elecci\u00f3n pueden designar fiscales con derecho a asistir a todas las operaciones del escrutinio y examinar la documentaci\u00f3n. Adem\u00e1s, a diferencia del provisorio,&nbsp;<strong>el escrutinio definitivo abarca a todas las mesas habilitadas para votar.<\/strong><\/p>\n\n\n\n<p>Por otra parte, el&nbsp;<strong>escrutinio provisorio<\/strong>&nbsp;es el que se hace&nbsp;<strong>el mismo d\u00eda de la elecci\u00f3n<\/strong>, a partir de los resultados informados por cada presidente de mesa al&nbsp;<strong>Ministerio del Interior mediante un Telegrama<\/strong>, el cual es&nbsp;<strong>confeccionado por el presidente de mesa<\/strong>. El mismo contiene todos los&nbsp;<strong>detalles de los votos contados en la mesa<\/strong>&nbsp;y lleva la firma de las y los fiscales de las agrupaciones intervinientes.<\/p>\n\n\n\n<p><img loading=\"lazy\" decoding=\"async\" alt=\"Las elecciones generales se realizaron en Argentina el 22 de octubre\" height=\"689\" width=\"1224\" src=\"https:\/\/www.infobae.com\/new-resizer\/fg2GsrL-zXC-oEytYag5EAx9zmI=\/420x236\/filters:format(webp):quality(85)\/cloudfront-us-east-1.images.arcpublishing.com\/infobae\/5NUC3JLKTJEKZL5RF4IW5UDPYU.jpg%20420w\" srcset=\"https:\/\/www.infobae.com\/new-resizer\/fg2GsrL-zXC-oEytYag5EAx9zmI=\/420x236\/filters:format(webp):quality(85)\/cloudfront-us-east-1.images.arcpublishing.com\/infobae\/5NUC3JLKTJEKZL5RF4IW5UDPYU.jpg 420w,https:\/\/www.infobae.com\/new-resizer\/UfywmoCUGy6ebqbIEIz74maWx3M=\/768x432\/filters:format(webp):quality(85)\/cloudfront-us-east-1.images.arcpublishing.com\/infobae\/5NUC3JLKTJEKZL5RF4IW5UDPYU.jpg 768w,https:\/\/www.infobae.com\/new-resizer\/IYvfj6CINWAnZF5YZGGO5SmF57c=\/992x558\/filters:format(webp):quality(85)\/cloudfront-us-east-1.images.arcpublishing.com\/infobae\/5NUC3JLKTJEKZL5RF4IW5UDPYU.jpg 992w,https:\/\/www.infobae.com\/new-resizer\/8E9wZUr9RJe8ondnJbUJNWRGIEo=\/1200x675\/filters:format(webp):quality(85)\/cloudfront-us-east-1.images.arcpublishing.com\/infobae\/5NUC3JLKTJEKZL5RF4IW5UDPYU.jpg 1200w,https:\/\/www.infobae.com\/new-resizer\/sqc5ojvEbdCuwXvoi2svxIqd2l8=\/1440x810\/filters:format(webp):quality(85)\/cloudfront-us-east-1.images.arcpublishing.com\/infobae\/5NUC3JLKTJEKZL5RF4IW5UDPYU.jpg 1440w\">Las elecciones generales se realizaron en Argentina el 22 de octubre<\/p>\n\n\n\n<h2 class=\"wp-block-heading\">\u00bfPor qu\u00e9 hay balotaje?<\/h2>\n\n\n\n<p>El balotaje se realiza cuando ninguno de los postulantes logr\u00f3 obtener el m\u00ednimo de votos preestablecido. En Argentina hay segunda vuelta cuando no se llega a obtener<strong>&nbsp;el 45% de los votos<\/strong>&nbsp;<strong>afirmativos v\u00e1lidamente emitidos<\/strong>, o en caso de que ning\u00fan candidato obtenga el 40% de los votos v\u00e1lidos con&nbsp;<strong>una diferencia de al menos 10 puntos del segundo.<\/strong><\/p>\n\n\n\n<p>Los&nbsp;<strong>art\u00edculos 97 y 98 de la Constituci\u00f3n Nacional&nbsp;<\/strong>establecen qu\u00e9 es lo que necesita una f\u00f3rmula presidencial para resultar ganadora. El primero se\u00f1ala que \u201ccuando la f\u00f3rmula que resultase m\u00e1s votada en la primera vuelta,&nbsp;<strong>hubiere obtenido m\u00e1s del cuarenta y cinco por ciento de los votos afirmativos v\u00e1lidamente emitidos<\/strong>, sus integrantes ser\u00e1n proclamados como presidente y vicepresidente de la Naci\u00f3n\u201d.<\/p>\n\n\n\n<p>El art\u00edculo 98, en tanto, se\u00f1ala que \u201ccuando la f\u00f3rmula que resultase m\u00e1s votada en la primera vuelta hubiere obtenido\u00a0<strong>el cuarenta por ciento por lo menos de los votos afirmativos v\u00e1lidamente emitidos<\/strong>\u00a0y, adem\u00e1s, existiere una diferencia mayor de diez puntos porcentuales respecto del total de los votos afirmativos v\u00e1lidamente emitidos sobre la f\u00f3rmula que le sigue en n\u00famero de votos, sus integrantes ser\u00e1n proclamados como presidente y vicepresidente de la Naci\u00f3n\u201d.<\/p>\n\n\n\n<p><em>Fuente: Infobae.<\/em><\/p>\n","protected":false},"excerpt":{"rendered":"<p>La Justicia Nacional Electoral dio a conocer los n\u00fameros de la votaci\u00f3n que se realiz\u00f3 el 22 de octubre. La Justicia Nacional Electoral dio a conocer este jueves los resultados&hellip; <\/p>\n","protected":false},"author":6,"featured_media":99494,"comment_status":"closed","ping_status":"open","sticky":false,"template":"","format":"standard","meta":{"footnotes":""},"categories":[3],"tags":[],"class_list":["post-99487","post","type-post","status-publish","format-standard","has-post-thumbnail","hentry","category-politica"],"_links":{"self":[{"href":"https:\/\/corrientesdetarde.com\/index.php\/wp-json\/wp\/v2\/posts\/99487","targetHints":{"allow":["GET"]}}],"collection":[{"href":"https:\/\/corrientesdetarde.com\/index.php\/wp-json\/wp\/v2\/posts"}],"about":[{"href":"https:\/\/corrientesdetarde.com\/index.php\/wp-json\/wp\/v2\/types\/post"}],"author":[{"embeddable":true,"href":"https:\/\/corrientesdetarde.com\/index.php\/wp-json\/wp\/v2\/users\/6"}],"replies":[{"embeddable":true,"href":"https:\/\/corrientesdetarde.com\/index.php\/wp-json\/wp\/v2\/comments?post=99487"}],"version-history":[{"count":1,"href":"https:\/\/corrientesdetarde.com\/index.php\/wp-json\/wp\/v2\/posts\/99487\/revisions"}],"predecessor-version":[{"id":99495,"href":"https:\/\/corrientesdetarde.com\/index.php\/wp-json\/wp\/v2\/posts\/99487\/revisions\/99495"}],"wp:featuredmedia":[{"embeddable":true,"href":"https:\/\/corrientesdetarde.com\/index.php\/wp-json\/wp\/v2\/media\/99494"}],"wp:attachment":[{"href":"https:\/\/corrientesdetarde.com\/index.php\/wp-json\/wp\/v2\/media?parent=99487"}],"wp:term":[{"taxonomy":"category","embeddable":true,"href":"https:\/\/corrientesdetarde.com\/index.php\/wp-json\/wp\/v2\/categories?post=99487"},{"taxonomy":"post_tag","embeddable":true,"href":"https:\/\/corrientesdetarde.com\/index.php\/wp-json\/wp\/v2\/tags?post=99487"}],"curies":[{"name":"wp","href":"https:\/\/api.w.org\/{rel}","templated":true}]}}