{"id":99488,"date":"2023-11-02T18:23:44","date_gmt":"2023-11-02T21:23:44","guid":{"rendered":"https:\/\/corrientesdetarde.com\/?p=99488"},"modified":"2023-11-02T18:23:49","modified_gmt":"2023-11-02T21:23:49","slug":"murio-el-piloto-de-turismo-nacional-agustin-herrera-en-un-choque-en-la-ruta","status":"publish","type":"post","link":"https:\/\/corrientesdetarde.com\/index.php\/policiales\/murio-el-piloto-de-turismo-nacional-agustin-herrera-en-un-choque-en-la-ruta\/","title":{"rendered":"Muri\u00f3 el piloto de Turismo Nacional Agust\u00edn Herrera en un choque en la ruta."},"content":{"rendered":"\n<h2 class=\"wp-block-heading\">Ten\u00eda 33 a\u00f1os y protagoniz\u00f3 un accidente con su auto en la ruta 205, a la altura de Saladillo.<\/h2>\n\n\n\n<p>Conmoci\u00f3n y luto en el\u00a0automovilismo argentino. Este jueves por la tarde\u00a0<strong>muri\u00f3 el piloto de Turismo Nacional Agust\u00edn Herrera luego de un fuerte choque de frente en la ruta 205<\/strong>, a la altura de Saladillo. El conductor del otro veh\u00edculo tambi\u00e9n falleci\u00f3 en el acto.<\/p>\n\n\n\n<p><strong>Su novia, Sof\u00eda, que iba como acompa\u00f1ante, sufri\u00f3 heridas leves y fue hospitalizada<\/strong>. El auto que manejaba Herrera era un BMW e impact\u00f3 contra un Toyota Corolla. Seg\u00fan las primeras investigaciones de la policia que estuvo en el lugar, se determin\u00f3 que&nbsp;<strong>el Toyota perdi\u00f3 el control, se cruz\u00f3 de carril y choc\u00f3 al BMW que ven\u00eda por la mano contraria.<\/strong><\/p>\n\n\n\n<figure class=\"wp-block-image\"><img decoding=\"async\" src=\"https:\/\/tn.com.ar\/resizer\/NeOLoYEiA26TDWxLx14OcY3jMno=\/767x0\/smart\/filters:format(webp)\/cloudfront-us-east-1.images.arcpublishing.com\/artear\/D75YPYIFYNCCLCBDWJFRNRW7LU.jpeg\" alt=\"El piloto Agust\u00edn Herrera muri\u00f3 en un accidente de auto (Foto: TN)\"\/><figcaption>El piloto Agust\u00edn Herrera muri\u00f3 en un accidente de auto (Foto: TN)<\/figcaption><\/figure>\n\n\n\n<h2 class=\"wp-block-heading\">La carrera de Agust\u00edn Herrera en el automovilismo nacional<\/h2>\n\n\n\n<p>Agust\u00edn Herrera tuvo una destacada participaci\u00f3n en el automovilismo argentino.&nbsp;<strong>El nacido en Olavarr\u00eda compiti\u00f3 en la Clase 2 del Turismo Nacional donde fue subcampe\u00f3n en el 2019 conduciendo un Toyota Etios<\/strong>.<\/p>\n\n\n\n<p>Tambi\u00e9n fue piloto en el TC Mouras donde alcanz\u00f3 un subcampe\u00f3n del TC Pista Mouras en 2009.<\/p>\n\n\n\n<p>Herrera volvi\u00f3 al Turismo Nacional en la Clase 3 y ten\u00eda un buen proyecto manejando un Ford Focus.<\/p>\n\n\n\n<p><strong>Su \u00faltima carrera fue el pasado fin de semana en La Plata cuando disput\u00f3 junto a Juan Mart\u00edn Eluchans la carrera de los 300 Pilotos del Turismo Pista<\/strong>.<\/p>\n\n\n\n<p><\/p>\n\n\n\n<p><em>Fuente: Todo Noticias.<\/em><\/p>\n","protected":false},"excerpt":{"rendered":"<p>Ten\u00eda 33 a\u00f1os y protagoniz\u00f3 un accidente con su auto en la ruta 205, a la altura de Saladillo. Conmoci\u00f3n y luto en el\u00a0automovilismo argentino. Este jueves por la tarde\u00a0muri\u00f3&hellip; <\/p>\n","protected":false},"author":6,"featured_media":99492,"comment_status":"closed","ping_status":"open","sticky":false,"template":"","format":"standard","meta":{"footnotes":""},"categories":[33],"tags":[],"class_list":["post-99488","post","type-post","status-publish","format-standard","has-post-thumbnail","hentry","category-policiales"],"_links":{"self":[{"href":"https:\/\/corrientesdetarde.com\/index.php\/wp-json\/wp\/v2\/posts\/99488","targetHints":{"allow":["GET"]}}],"collection":[{"href":"https:\/\/corrientesdetarde.com\/index.php\/wp-json\/wp\/v2\/posts"}],"about":[{"href":"https:\/\/corrientesdetarde.com\/index.php\/wp-json\/wp\/v2\/types\/post"}],"author":[{"embeddable":true,"href":"https:\/\/corrientesdetarde.com\/index.php\/wp-json\/wp\/v2\/users\/6"}],"replies":[{"embeddable":true,"href":"https:\/\/corrientesdetarde.com\/index.php\/wp-json\/wp\/v2\/comments?post=99488"}],"version-history":[{"count":1,"href":"https:\/\/corrientesdetarde.com\/index.php\/wp-json\/wp\/v2\/posts\/99488\/revisions"}],"predecessor-version":[{"id":99493,"href":"https:\/\/corrientesdetarde.com\/index.php\/wp-json\/wp\/v2\/posts\/99488\/revisions\/99493"}],"wp:featuredmedia":[{"embeddable":true,"href":"https:\/\/corrientesdetarde.com\/index.php\/wp-json\/wp\/v2\/media\/99492"}],"wp:attachment":[{"href":"https:\/\/corrientesdetarde.com\/index.php\/wp-json\/wp\/v2\/media?parent=99488"}],"wp:term":[{"taxonomy":"category","embeddable":true,"href":"https:\/\/corrientesdetarde.com\/index.php\/wp-json\/wp\/v2\/categories?post=99488"},{"taxonomy":"post_tag","embeddable":true,"href":"https:\/\/corrientesdetarde.com\/index.php\/wp-json\/wp\/v2\/tags?post=99488"}],"curies":[{"name":"wp","href":"https:\/\/api.w.org\/{rel}","templated":true}]}}