{"id":99496,"date":"2023-11-02T20:00:53","date_gmt":"2023-11-02T23:00:53","guid":{"rendered":"https:\/\/corrientesdetarde.com\/?p=99496"},"modified":"2023-11-02T20:00:57","modified_gmt":"2023-11-02T23:00:57","slug":"el-intendente-de-ituzaingo-habria-pedido-la-renuncia-de-sus-funcionarios","status":"publish","type":"post","link":"https:\/\/corrientesdetarde.com\/index.php\/politica\/el-intendente-de-ituzaingo-habria-pedido-la-renuncia-de-sus-funcionarios\/","title":{"rendered":"El intendente de Ituzaing\u00f3 habr\u00eda pedido la renuncia de sus funcionarios."},"content":{"rendered":"\n<h2 class=\"wp-block-heading\">Hasta el momento se desconoce los motivos del pedido de renuncia, pero hay quienes afirman que Juan Pablo Vald\u00e9s habr\u00eda notado cierto desgaste en algunos de sus funcionarios y necesita un recambio de cara a la segunda mitad de su gobierno.<\/h2>\n\n\n\n<p>En las \u00faltimas horas se supo que el intendente ituzaingue\u00f1o les solicit\u00f3 a todos los miembros del gabinete municipal la renuncia indeclinable para analizar la situaci\u00f3n.<\/p>\n\n\n\n<p>Seg\u00fan adelantaron a este medio, la semana que viene podr\u00edan haber cambios en varias \u00e1reas y se conocer\u00edan los nombres de quienes estar\u00e1n ingresando.<\/p>\n\n\n\n<p>Hasta el momento se desconoce los motivos del pedido de renuncia, pero hay quienes afirman que Vald\u00e9s habr\u00eda notado cierto desgaste en algunos de sus funcionarios y necesita un recambio de cara a la segunda mitad de su gobierno.<\/p>\n","protected":false},"excerpt":{"rendered":"<p>Hasta el momento se desconoce los motivos del pedido de renuncia, pero hay quienes afirman que Juan Pablo Vald\u00e9s habr\u00eda notado cierto desgaste en algunos de sus funcionarios y necesita&hellip; <\/p>\n","protected":false},"author":6,"featured_media":99504,"comment_status":"closed","ping_status":"open","sticky":false,"template":"","format":"standard","meta":{"footnotes":""},"categories":[3],"tags":[],"class_list":["post-99496","post","type-post","status-publish","format-standard","has-post-thumbnail","hentry","category-politica"],"_links":{"self":[{"href":"https:\/\/corrientesdetarde.com\/index.php\/wp-json\/wp\/v2\/posts\/99496","targetHints":{"allow":["GET"]}}],"collection":[{"href":"https:\/\/corrientesdetarde.com\/index.php\/wp-json\/wp\/v2\/posts"}],"about":[{"href":"https:\/\/corrientesdetarde.com\/index.php\/wp-json\/wp\/v2\/types\/post"}],"author":[{"embeddable":true,"href":"https:\/\/corrientesdetarde.com\/index.php\/wp-json\/wp\/v2\/users\/6"}],"replies":[{"embeddable":true,"href":"https:\/\/corrientesdetarde.com\/index.php\/wp-json\/wp\/v2\/comments?post=99496"}],"version-history":[{"count":1,"href":"https:\/\/corrientesdetarde.com\/index.php\/wp-json\/wp\/v2\/posts\/99496\/revisions"}],"predecessor-version":[{"id":99505,"href":"https:\/\/corrientesdetarde.com\/index.php\/wp-json\/wp\/v2\/posts\/99496\/revisions\/99505"}],"wp:featuredmedia":[{"embeddable":true,"href":"https:\/\/corrientesdetarde.com\/index.php\/wp-json\/wp\/v2\/media\/99504"}],"wp:attachment":[{"href":"https:\/\/corrientesdetarde.com\/index.php\/wp-json\/wp\/v2\/media?parent=99496"}],"wp:term":[{"taxonomy":"category","embeddable":true,"href":"https:\/\/corrientesdetarde.com\/index.php\/wp-json\/wp\/v2\/categories?post=99496"},{"taxonomy":"post_tag","embeddable":true,"href":"https:\/\/corrientesdetarde.com\/index.php\/wp-json\/wp\/v2\/tags?post=99496"}],"curies":[{"name":"wp","href":"https:\/\/api.w.org\/{rel}","templated":true}]}}