{"id":99497,"date":"2023-11-02T19:56:35","date_gmt":"2023-11-02T22:56:35","guid":{"rendered":"https:\/\/corrientesdetarde.com\/?p=99497"},"modified":"2023-11-02T19:56:47","modified_gmt":"2023-11-02T22:56:47","slug":"los-legisladores-jorge-romero-y-nancy-sand-se-reunieron-con-massa","status":"publish","type":"post","link":"https:\/\/corrientesdetarde.com\/index.php\/politica\/los-legisladores-jorge-romero-y-nancy-sand-se-reunieron-con-massa\/","title":{"rendered":"Los legisladores Jorge Romero y Nancy Sand se reunieron con Massa."},"content":{"rendered":"\n<h2 class=\"wp-block-heading\">Los Diputados Nacionales por Corrientes Jorge Antonio Romero y Nancy Sand (reelecta el 22\/10) se reunieron este jueves 2 de noviembre con el Candidato a Presidente de Uni\u00f3n por la Patria, Sergio Massa.<\/h2>\n\n\n\n<p>Durante el encuentro -en el Congreso de la Naci\u00f3n en el marco de la Asamblea Legislativa que convalid\u00f3 a las dos f\u00f3rmulas que participar\u00e1n del balotaje el 19\/11- los legisladores nacionales y Sergio Massa coordinaron acciones de campa\u00f1a para las semanas finales previa a la segunda vuelta e intercambiaron propuestas de pol\u00edticas p\u00fablicas para Corrientes.<\/p>\n\n\n\n<p>&#8220;Coincidimos en que estas dos semanas finales, son las m\u00e1s importante de estos tres turnos electorales. Nos pidi\u00f3 intensificar la campa\u00f1a ciudad por ciudad, localidad por localidad, barrio por barrio, casa por casa de cada familia de Corrientes llevando las propuestas de Uni\u00f3n por la Patria para cuidar todo lo conseguido e iniciar la etapa de crecimiento, m\u00e1s inclusi\u00f3n y redistribuci\u00f3n en el pa\u00eds&#8221;, explic\u00f3 Jorge Romero.<\/p>\n\n\n\n<p>El Diputado Nacional confirm\u00f3 que &#8220;Sergio Massa envi\u00f3 un gran agradecimiento a la militancia del Peronismo y de Uni\u00f3n por la Patria, un gran agradecimiento a la mayor\u00eda de los correntinos y correntinas que el 22\/10 eligieron la f\u00f3rmula Massa-Rossi. Y nos pidi\u00f3 llegar con las propuestas a los sectores a los que todav\u00eda no se lleg\u00f3, invitando a todos los sectores a construir la unidad nacional frente a las propuestas de recorte, explosi\u00f3n, privatizaci\u00f3n hasta de los derechos, endeudamiento a costa del sufrimiento del pueblo. Frente a la alianza fascista y antidemocr\u00e1tica que representan Milei y Macri&#8221;.<\/p>\n\n\n\n<p>La diputada Nacional Nancy Sand detall\u00f3 que &#8220;con Sergio Massa tambi\u00e9n intercambiamos propuestas de programas, inversiones y pol\u00edticas p\u00fablicas para el crecimiento de Corrientes cuando \u00e9l sea Presidente&#8221;.<\/p>\n\n\n\n<p>&#8220;Sergio Massa y Agust\u00edn Rossi tienen propuestas para las econom\u00edas regionales como el arroz, la foresto industria, la ganader\u00eda, la citricultura, la horticultura; la diversidad productiva de las familias agr\u00edcola de Corrientes. Tienen listo proyectos de grandes obras como puentes, rutas, caminos, servicios b\u00e1sicos, asfalto, viviendas, urbanizaci\u00f3n de barrios para los municipios. Programas de empleo, inversi\u00f3n, energ\u00eda m\u00e1s barata para las PyMEs y las indtrias de Corrientes&#8221;, detall\u00f3 Nancy Sand.<\/p>\n","protected":false},"excerpt":{"rendered":"<p>Los Diputados Nacionales por Corrientes Jorge Antonio Romero y Nancy Sand (reelecta el 22\/10) se reunieron este jueves 2 de noviembre con el Candidato a Presidente de Uni\u00f3n por la&hellip; <\/p>\n","protected":false},"author":6,"featured_media":99501,"comment_status":"closed","ping_status":"open","sticky":false,"template":"","format":"standard","meta":{"footnotes":""},"categories":[3],"tags":[],"class_list":["post-99497","post","type-post","status-publish","format-standard","has-post-thumbnail","hentry","category-politica"],"_links":{"self":[{"href":"https:\/\/corrientesdetarde.com\/index.php\/wp-json\/wp\/v2\/posts\/99497","targetHints":{"allow":["GET"]}}],"collection":[{"href":"https:\/\/corrientesdetarde.com\/index.php\/wp-json\/wp\/v2\/posts"}],"about":[{"href":"https:\/\/corrientesdetarde.com\/index.php\/wp-json\/wp\/v2\/types\/post"}],"author":[{"embeddable":true,"href":"https:\/\/corrientesdetarde.com\/index.php\/wp-json\/wp\/v2\/users\/6"}],"replies":[{"embeddable":true,"href":"https:\/\/corrientesdetarde.com\/index.php\/wp-json\/wp\/v2\/comments?post=99497"}],"version-history":[{"count":1,"href":"https:\/\/corrientesdetarde.com\/index.php\/wp-json\/wp\/v2\/posts\/99497\/revisions"}],"predecessor-version":[{"id":99502,"href":"https:\/\/corrientesdetarde.com\/index.php\/wp-json\/wp\/v2\/posts\/99497\/revisions\/99502"}],"wp:featuredmedia":[{"embeddable":true,"href":"https:\/\/corrientesdetarde.com\/index.php\/wp-json\/wp\/v2\/media\/99501"}],"wp:attachment":[{"href":"https:\/\/corrientesdetarde.com\/index.php\/wp-json\/wp\/v2\/media?parent=99497"}],"wp:term":[{"taxonomy":"category","embeddable":true,"href":"https:\/\/corrientesdetarde.com\/index.php\/wp-json\/wp\/v2\/categories?post=99497"},{"taxonomy":"post_tag","embeddable":true,"href":"https:\/\/corrientesdetarde.com\/index.php\/wp-json\/wp\/v2\/tags?post=99497"}],"curies":[{"name":"wp","href":"https:\/\/api.w.org\/{rel}","templated":true}]}}