{"id":99498,"date":"2023-11-02T19:53:31","date_gmt":"2023-11-02T22:53:31","guid":{"rendered":"https:\/\/corrientesdetarde.com\/?p=99498"},"modified":"2023-11-02T19:53:35","modified_gmt":"2023-11-02T22:53:35","slug":"la-justicia-desestimo-el-recurso-presentado-por-anibal-lotocki","status":"publish","type":"post","link":"https:\/\/corrientesdetarde.com\/index.php\/crimen-y-justicia\/la-justicia-desestimo-el-recurso-presentado-por-anibal-lotocki\/","title":{"rendered":"La justicia desestim\u00f3 el recurso presentado por An\u00edbal Lotocki."},"content":{"rendered":"\n<h2 class=\"wp-block-heading\">En las \u00faltimas horas se conoci\u00f3 que la Corte Suprema no dio lugar al pedido de la defensa del pol\u00e9mico cirujano, quien seguir\u00e1 inhabilitado.<\/h2>\n\n\n\n<p>La Corte Suprema de Justicia\u00a0<strong>desestim\u00f3 un pedido de\u00a0An\u00edbal Lotocki<\/strong> para ejercer la profesi\u00f3n. El pol\u00e9mico m\u00e9dico buscaba dejar sin efecto el fallo que provisoriamente le impide trabajar mientras se revisa su condena.<\/p>\n\n\n\n<p>El Tribunal Oral en lo Criminal y Correccional N\u00b0 28 de la Capital Federal absolvi\u00f3 a Lotocki por el delito de estafa y lo conden\u00f3 a la pena de cuatro a\u00f1os de prisi\u00f3n y\u00a0cinco de inhabilitaci\u00f3n especial para ejercer la medicina.<\/p>\n\n\n\n<p>La defensa del m\u00e9dico interpuso un recurso extraordinario contra esa decisi\u00f3n, declar\u00e1ndolo inadmisible. Sin embargo, el M\u00e1ximo Tribunal, con la firma de&nbsp;<strong>Horacio Rosatti<\/strong>,&nbsp;<strong>Carlos Rosenkrantz<\/strong>,&nbsp;<strong>Juan Carlos Maqueda&nbsp;<\/strong>y&nbsp;<strong>Ricardo Lorenzetti<\/strong>, desestim\u00f3 el planteo.<\/p>\n\n\n\n<figure class=\"wp-block-image\"><img decoding=\"async\" src=\"https:\/\/tn.com.ar\/resizer\/-LYQsc1k35RVwxkuJXddSyB1Q8Y=\/767x0\/smart\/filters:format(webp)\/cloudfront-us-east-1.images.arcpublishing.com\/artear\/2FKC2HU5HNF7PDGHDNTCQXP3SU.JPG\" alt=\"An\u00edbal Lotocki se entreg\u00f3 tras el pedido de detenci\u00f3n de la Justicia (Foto: Captura Am\u00e9rica)\"\/><figcaption>An\u00edbal Lotocki se entreg\u00f3 tras el pedido de detenci\u00f3n de la Justicia (Foto: Captura Am\u00e9rica)Por:&nbsp;<strong>Magali Widmer<\/strong><\/figcaption><\/figure>\n\n\n\n<h2 class=\"wp-block-heading\">Pidieron llevar a juicio oral a An\u00edbal Lotocki por la muerte de Cristian Z\u00e1rate<\/h2>\n\n\n\n<p>El fiscal Pablo Recchini orden\u00f3 que\u00a0<strong>An\u00edbal Lotocki\u00a0<\/strong>vaya a juicio oral por la muerte de\u00a0<strong>Rodolfo Cristian Z\u00e1rate<\/strong>. El empresario falleci\u00f3 en abril de 2021, horas despu\u00e9s de someterse a una intervenci\u00f3n con el pol\u00e9mico cirujano.<\/p>\n\n\n\n<p>Por la misma causa, actualmente Lotocki est\u00e1&nbsp;<strong>detenido con prisi\u00f3n preventiva&nbsp;<\/strong>en el Complejo Penitenciario Federal N\u00b01 de Ezeiza, acusado de&nbsp;<strong>Homicidio Simple con dolo eventual<\/strong>.<\/p>\n\n\n\n<figure class=\"wp-block-image\"><img decoding=\"async\" src=\"https:\/\/tn.com.ar\/resizer\/5KT6Mq56b61W5oPANXgIE8qshM8=\/767x0\/smart\/filters:format(webp)\/cloudfront-us-east-1.images.arcpublishing.com\/artear\/Q7DC6FWKTJHFTOJ4CRD7OYWA3Y.jpg\" alt=\"An\u00edbal Lotocki est\u00e1 siendo trasladado al penal de Ezeiza. (Foto: Captura TN)\"\/><figcaption>An\u00edbal Lotocki est\u00e1 siendo trasladado al penal de Ezeiza. (Foto: Captura TN)<\/figcaption><\/figure>\n\n\n\n<p>Al m\u00e9dico lo investigan por la muerte del empresario&nbsp;<strong>Rodolfo Cristi\u00e1n Z\u00e1rate ocurrida el 16 de abril de 2021<\/strong>&nbsp;durante una intervenci\u00f3n quir\u00fargica que le hab\u00eda hecho Lotocki&nbsp;<strong>para la reducci\u00f3n del tejido graso.<\/strong><\/p>\n\n\n\n<p>Al comienzo del proceso, la causa hab\u00eda sido caratulada como homicidio culposo, pero tras la solicitud del fiscal Pablo Recchini, el magistrado de la Ciudad modific\u00f3 la calificaci\u00f3n penal&nbsp;<strong>a homicidio simple<\/strong>&nbsp;con penas de prisi\u00f3n que&nbsp;<strong>van hasta los 25 a\u00f1os de c\u00e1rcel.<\/strong><\/p>\n\n\n\n<h2 class=\"wp-block-heading\">La abogada de An\u00edbal Lotocki habl\u00f3 tras la detenci\u00f3n: \u201cLo que le hicieron fue un acto de traici\u00f3n\u201d<\/h2>\n\n\n\n<p>Hace dos semanas,&nbsp;<strong>Ileana Lombardo<\/strong>, la abogada de&nbsp;<strong>An\u00edbal Lotocki<\/strong>, habl\u00f3 de la situaci\u00f3n judicial del m\u00e9dico a un d\u00eda de su detenci\u00f3n.&nbsp;<strong>\u201cFue un acto de traici\u00f3n\u201d<\/strong>, denunci\u00f3.<\/p>\n\n\n\n<p>Lombardo se acerc\u00f3 a la alcaid\u00eda de Villa Lugano, ubicada en Madariaga y General Paz, donde en principio se encontraba detenido el pol\u00e9mico m\u00e9dico.&nbsp;<strong>\u201cVine a verlo, pero no pude<\/strong>. No sab\u00edamos el horario, empezamos a llamar por tel\u00e9fono y como no nos atend\u00eda nadie vinimos\u201d, explic\u00f3 la letrada.<\/p>\n\n\n\n<figure class=\"wp-block-image\"><img decoding=\"async\" src=\"https:\/\/tn.com.ar\/resizer\/xThvubnUwSopTMRN7gQTFfxAWX0=\/767x0\/smart\/filters:format(webp)\/cloudfront-us-east-1.images.arcpublishing.com\/artear\/R3P2MLFGBBHUDJGL6UN2DIGGMU.jpg\" alt=\"An\u00edbal Lotocki est\u00e1 detenido (Foto: Polic\u00eda Federal Argentina)\"\/><figcaption>An\u00edbal Lotocki est\u00e1 detenido (Foto: Polic\u00eda Federal Argentina)<\/figcaption><\/figure>\n\n\n\n<p>Consultada acerca de la estrategia, neg\u00f3 rotundamente la posibilidad de una excarcelaci\u00f3n. \u201cNo la podemos pedir porque lo que sucedi\u00f3 y deriv\u00f3 en la detenci\u00f3n es la revocaci\u00f3n de una excarcelaci\u00f3n que ten\u00eda Lotocki en la causa del fallecido Z\u00e1rate con una resoluci\u00f3n de la C\u00e1mara que&nbsp;<strong>fue un acto de traici\u00f3n<\/strong>\u201d.<\/p>\n\n\n\n<p>Respecto a su denuncia, precis\u00f3: \u201cNosotros fuimos a una audiencia en la que se debat\u00eda otro tema, que era la negativa de detenci\u00f3n de un pedido que hab\u00eda hecho el se\u00f1or (Raphael) Dufort, que Schlegel lo deneg\u00f3, y entonces se apel\u00f3 y recurri\u00f3 a C\u00e1mara. Y la C\u00e1mara no resolvi\u00f3 sobre ese pedido de detenci\u00f3n, sino que<strong>&nbsp;resolvi\u00f3 en otra causa que es la de Z\u00e1rate<\/strong>\u201d.<\/p>\n\n\n\n<p>Adem\u00e1s, se\u00f1al\u00f3 que no ten\u00eda jurisdicci\u00f3n para hacerlo. \u201cL<strong>a detenci\u00f3n de Lotocki no s\u00e9 si es ilegal, pero es cuestionable<\/strong>. Y nosotros la vamos a impugnar, obviamente\u201d. \u201cTodo esto sucedi\u00f3 muy r\u00e1pido, porque nosotros<strong>\u00a0fuimos a la audiencia y a la hora sali\u00f3 la resoluci\u00f3n<\/strong>. Todav\u00eda est\u00e1bamos en un bar tomando un caf\u00e9. Lo cual nos da la pauta de que esa resoluci\u00f3n ya estaba hecha\u201d, remarc\u00f3.<\/p>\n\n\n\n<p><em>Fuente: Todo Noticias.<\/em><\/p>\n","protected":false},"excerpt":{"rendered":"<p>En las \u00faltimas horas se conoci\u00f3 que la Corte Suprema no dio lugar al pedido de la defensa del pol\u00e9mico cirujano, quien seguir\u00e1 inhabilitado. La Corte Suprema de Justicia\u00a0desestim\u00f3 un&hellip; <\/p>\n","protected":false},"author":6,"featured_media":99499,"comment_status":"closed","ping_status":"open","sticky":false,"template":"","format":"standard","meta":{"footnotes":""},"categories":[5],"tags":[],"class_list":["post-99498","post","type-post","status-publish","format-standard","has-post-thumbnail","hentry","category-crimen-y-justicia"],"_links":{"self":[{"href":"https:\/\/corrientesdetarde.com\/index.php\/wp-json\/wp\/v2\/posts\/99498","targetHints":{"allow":["GET"]}}],"collection":[{"href":"https:\/\/corrientesdetarde.com\/index.php\/wp-json\/wp\/v2\/posts"}],"about":[{"href":"https:\/\/corrientesdetarde.com\/index.php\/wp-json\/wp\/v2\/types\/post"}],"author":[{"embeddable":true,"href":"https:\/\/corrientesdetarde.com\/index.php\/wp-json\/wp\/v2\/users\/6"}],"replies":[{"embeddable":true,"href":"https:\/\/corrientesdetarde.com\/index.php\/wp-json\/wp\/v2\/comments?post=99498"}],"version-history":[{"count":1,"href":"https:\/\/corrientesdetarde.com\/index.php\/wp-json\/wp\/v2\/posts\/99498\/revisions"}],"predecessor-version":[{"id":99500,"href":"https:\/\/corrientesdetarde.com\/index.php\/wp-json\/wp\/v2\/posts\/99498\/revisions\/99500"}],"wp:featuredmedia":[{"embeddable":true,"href":"https:\/\/corrientesdetarde.com\/index.php\/wp-json\/wp\/v2\/media\/99499"}],"wp:attachment":[{"href":"https:\/\/corrientesdetarde.com\/index.php\/wp-json\/wp\/v2\/media?parent=99498"}],"wp:term":[{"taxonomy":"category","embeddable":true,"href":"https:\/\/corrientesdetarde.com\/index.php\/wp-json\/wp\/v2\/categories?post=99498"},{"taxonomy":"post_tag","embeddable":true,"href":"https:\/\/corrientesdetarde.com\/index.php\/wp-json\/wp\/v2\/tags?post=99498"}],"curies":[{"name":"wp","href":"https:\/\/api.w.org\/{rel}","templated":true}]}}