{"id":99503,"date":"2023-11-02T20:08:17","date_gmt":"2023-11-02T23:08:17","guid":{"rendered":"https:\/\/corrientesdetarde.com\/?p=99503"},"modified":"2023-11-02T20:08:22","modified_gmt":"2023-11-02T23:08:22","slug":"la-corte-suprema-rechazo-recursos-de-ambientalistas-y-dio-luz-verde-para-explorar-petroleo-off-shore-en-mar-del-plata","status":"publish","type":"post","link":"https:\/\/corrientesdetarde.com\/index.php\/politica\/la-corte-suprema-rechazo-recursos-de-ambientalistas-y-dio-luz-verde-para-explorar-petroleo-off-shore-en-mar-del-plata\/","title":{"rendered":"La Corte Suprema rechaz\u00f3 recursos de ambientalistas y dio luz verde para explorar petr\u00f3leo off shore en Mar del Plata."},"content":{"rendered":"\n<h2 class=\"wp-block-heading\">La pelea judicial lleva tres a\u00f1os; ya se present\u00f3 una declaraci\u00f3n de impacto ambiental y la Justicia autoriz\u00f3 el inicio del proyecto de exploraci\u00f3n s\u00edsmica y explotaci\u00f3n petrolera.<\/h2>\n\n\n\n<p>La\u00a0<strong>Corte Suprema de Justicia de la Naci\u00f3n<\/strong>, con la firma de\u00a0<strong>Horacio Rosatti, Carlos Rosenkrantz y Juan Carlos Maqueda<\/strong>,\u00a0<mark>rechaz\u00f3 los planteos de distintas entidades ambientalistas destinados a frenar las actividades de exploraci\u00f3n s\u00edsmica y explotaci\u00f3n petrolera frente a las costas del partido de General Pueyrred\u00f3n en Mar del Plata<\/mark>.<\/p>\n\n\n\n<p>El 30 de diciembre de 2021, el Ministerio de Ambiente y Desarrollo Sostenible de la Naci\u00f3n dict\u00f3 la Resoluci\u00f3n 436\/2021, con la cual declar\u00f3 \u201cconcluida la suspensi\u00f3n de plazos del procedimiento de Evaluaci\u00f3n de Impacto Ambiental\u201d y aprob\u00f3 la realizaci\u00f3n del proyecto \u201cAdquisici\u00f3n S\u00edsmica 2d-3d-4d Off Shore en bloque CAN108-CAN114\u2033, de la empresa Equinor Argentina SA Sucursal Argentina.<\/p>\n\n\n\n<p>Esa resoluci\u00f3n dio lugar a diversas acciones de\u00a0<strong>amparo<\/strong>, en las que se solicit\u00f3 la nulidad de la resoluci\u00f3n del Ministerio, la suspensi\u00f3n de dichas actividades y la revocaci\u00f3n de los permisos otorgados, entre otros planteos.<\/p>\n\n\n\n<p>El 11 de febrero de 2022, el juez&nbsp;<strong>Santiago Mart\u00edn<\/strong>, a cargo del Juzgado Federal N\u00b02 de Mar del Plata,&nbsp;<strong>hizo lugar a la medida cautelar solicitada y orden\u00f3 la inmediata suspensi\u00f3n<\/strong>&nbsp;de la aprobaci\u00f3n del proyecto. Esa decisi\u00f3n fue apelada en los distintos expedientes por el Estado Nacional, Equinor S.A. Sucursal Argentina, Equinor Argentina B.V. e YPF S.A.<\/p>\n\n\n\n<p>El 3 de junio de 2022,&nbsp;<strong>la C\u00e1mara Federal de Mar del Plata dej\u00f3 sin efecto la medida cautelar<\/strong>&nbsp;y la sustituy\u00f3 por otra, que condicion\u00f3 el avance del proyecto al cumplimiento de determinadas medidas. Entre ellas: la participaci\u00f3n de la&nbsp;<strong>Administraci\u00f3n de Parques Nacionales<\/strong>, la valoraci\u00f3n de las&nbsp;<strong>audiencias p\u00fablicas<\/strong>&nbsp;municipal y nacional realizadas sobre el caso, y la inclusi\u00f3n del Ministerio de Ambiente y Desarrollo Sostenible en el&nbsp;<strong>control y fiscalizaci\u00f3n&nbsp;<\/strong>del cumplimiento de la declaraci\u00f3n de impacto ambiental y su correspondiente plan de gesti\u00f3n ambiental.<\/p>\n\n\n\n<figure class=\"wp-block-image\"><img decoding=\"async\" src=\"https:\/\/resizer.glanacion.com\/resizer\/v2\/la-empresa-noruega-equinor-fue-autorizada-por-el-3EMKFRPNY5BXNHHDFBJW366BVU.webp?auth=ae575104cdfe047f4725fa4eaa0324bd712bc600645e7d32351af8e48f715977&amp;width=420&amp;height=280&amp;quality=70&amp;smart=true\" alt=\"La empresa noruega Equinor fue autorizada por el Gobierno para iniciar las tareas de exploraci\u00f3n petrolera frente a las costas del Mar del Plata\"\/><figcaption>La empresa noruega Equinor fue autorizada por el Gobierno para iniciar las tareas de exploraci\u00f3n petrolera frente a las costas del Mar del Plata<\/figcaption><\/figure>\n\n\n\n<p>Contra esta decisi\u00f3n, la&nbsp;<strong>Fundaci\u00f3n Greenpeace Argentina<\/strong>, entre otras, interpuso un recurso extraordinario, cuya denegaci\u00f3n dio origen a una queja.<\/p>\n\n\n\n<p>En paralelo, los d\u00edas 5 y 22 de agosto de 2022, el Estado Nacional, codemandado, en cumplimiento de lo que dispuso la C\u00e1mara marplatense, present\u00f3 la declaraci\u00f3n de impacto ambiental complementaria, aprobada por la Resoluci\u00f3n SCC N\u00b07\/22. El juez de primera instancia tuvo por&nbsp;<strong>no cumplidos ciertos recaudos&nbsp;<\/strong>en dicha declaraci\u00f3n. Contra ese pronunciamiento, tanto&nbsp;<strong>Equinor, YPF y el Estado Nacional, como la Fundaci\u00f3n Greenpeace Argentina, interpusieron recursos de apelaci\u00f3n<\/strong>.<\/p>\n\n\n\n<p>El 5 de diciembre de 2022, la C\u00e1mara revoc\u00f3 parcialmente la sentencia de primera instancia en cuanto tuvo por no cumplidos ciertos requisitos impuestos por la medida cautelar del 3 de junio de 2022 y autoriz\u00f3 el inicio del proyecto.<\/p>\n\n\n\n<p>Contra esa decisi\u00f3n, el 23 de diciembre de 2022,&nbsp;<strong>Greenpeace Argentina y otras entidades ambientalistas interpusieron un recurso extraordinario<\/strong>&nbsp;y solicitaron la revocaci\u00f3n de la sentencia.<\/p>\n\n\n\n<p>El 29 de diciembre de 2022, Equinor e YPF contestaron el traslado del recurso extraordinario, y el 2 de enero de 2023 solicitaron la habilitaci\u00f3n de la feria judicial, lo que ocurri\u00f3 al d\u00eda siguiente.<\/p>\n\n\n\n<figure class=\"wp-block-image\"><img decoding=\"async\" src=\"https:\/\/resizer.glanacion.com\/resizer\/v2\/marcha-en-contra-la-instalacion-de-una-torre-FE6E2UTPJZBP3GV36EWC4VOZGI.JPG?auth=6900b4c87c0757fa7113e758725edef4918f61665b7cd9c9b8b41509762115c7&amp;width=420&amp;height=280&amp;quality=70&amp;smart=true\" alt=\"Marcha en contra la instalaci\u00f3n de una torre petrolera frente a la costa de Mar del Plata, 4 de Enero de 2022.\"\/><figcaption>Marcha en contra la instalaci\u00f3n de una torre petrolera frente a la costa de Mar del Plata, 4 de Enero de 2022.Mauro V. Rizzi &#8211; LA NACION<\/figcaption><\/figure>\n\n\n\n<p>El 25 de enero, el tribunal declar\u00f3&nbsp;<strong>inadmisible el recurso extraordinario<\/strong>&nbsp;interpuesto por las actoras, por no estar dirigido contra una sentencia definitiva. Otros dos recursos de distintos actores fueron presentados con igual suerte.<\/p>\n\n\n\n<p>Greenpeace Argentina, Rub\u00e9n Godoy y los actores en la causa \u201cOrganizaci\u00f3n de Ambientalistas autoconvocados\u201d presentaron sendas&nbsp;<strong>quejas ante la Corte<\/strong>&nbsp;y solicitaron se concedan&nbsp;<strong>efectos suspensivos<\/strong>&nbsp;de la sentencia a la interposici\u00f3n de la queja, a fin de mantener la tutela preventiva del ambiente.<\/p>\n\n\n\n<p>La Corte, con la firma de Rosatti, Rosenkrantz y Maqueda, desestim\u00f3 dichos planteos por no estar dirigidos contra una sentencia definitiva o equiparable a tal.<\/p>\n","protected":false},"excerpt":{"rendered":"<p>La pelea judicial lleva tres a\u00f1os; ya se present\u00f3 una declaraci\u00f3n de impacto ambiental y la Justicia autoriz\u00f3 el inicio del proyecto de exploraci\u00f3n s\u00edsmica y explotaci\u00f3n petrolera. La\u00a0Corte Suprema&hellip; <\/p>\n","protected":false},"author":6,"featured_media":99506,"comment_status":"closed","ping_status":"open","sticky":false,"template":"","format":"standard","meta":{"footnotes":""},"categories":[3],"tags":[],"class_list":["post-99503","post","type-post","status-publish","format-standard","has-post-thumbnail","hentry","category-politica"],"_links":{"self":[{"href":"https:\/\/corrientesdetarde.com\/index.php\/wp-json\/wp\/v2\/posts\/99503","targetHints":{"allow":["GET"]}}],"collection":[{"href":"https:\/\/corrientesdetarde.com\/index.php\/wp-json\/wp\/v2\/posts"}],"about":[{"href":"https:\/\/corrientesdetarde.com\/index.php\/wp-json\/wp\/v2\/types\/post"}],"author":[{"embeddable":true,"href":"https:\/\/corrientesdetarde.com\/index.php\/wp-json\/wp\/v2\/users\/6"}],"replies":[{"embeddable":true,"href":"https:\/\/corrientesdetarde.com\/index.php\/wp-json\/wp\/v2\/comments?post=99503"}],"version-history":[{"count":1,"href":"https:\/\/corrientesdetarde.com\/index.php\/wp-json\/wp\/v2\/posts\/99503\/revisions"}],"predecessor-version":[{"id":99507,"href":"https:\/\/corrientesdetarde.com\/index.php\/wp-json\/wp\/v2\/posts\/99503\/revisions\/99507"}],"wp:featuredmedia":[{"embeddable":true,"href":"https:\/\/corrientesdetarde.com\/index.php\/wp-json\/wp\/v2\/media\/99506"}],"wp:attachment":[{"href":"https:\/\/corrientesdetarde.com\/index.php\/wp-json\/wp\/v2\/media?parent=99503"}],"wp:term":[{"taxonomy":"category","embeddable":true,"href":"https:\/\/corrientesdetarde.com\/index.php\/wp-json\/wp\/v2\/categories?post=99503"},{"taxonomy":"post_tag","embeddable":true,"href":"https:\/\/corrientesdetarde.com\/index.php\/wp-json\/wp\/v2\/tags?post=99503"}],"curies":[{"name":"wp","href":"https:\/\/api.w.org\/{rel}","templated":true}]}}