{"id":99508,"date":"2023-11-02T20:31:39","date_gmt":"2023-11-02T23:31:39","guid":{"rendered":"https:\/\/corrientesdetarde.com\/?p=99508"},"modified":"2023-11-02T20:31:43","modified_gmt":"2023-11-02T23:31:43","slug":"cancilleria-solicito-apoyo-a-la-cruz-roja-para-liberar-argentinos-secuestrados-en-gaza","status":"publish","type":"post","link":"https:\/\/corrientesdetarde.com\/index.php\/internacionales\/cancilleria-solicito-apoyo-a-la-cruz-roja-para-liberar-argentinos-secuestrados-en-gaza\/","title":{"rendered":"Canciller\u00eda solicit\u00f3 apoyo a la Cruz Roja para liberar argentinos secuestrados en Gaza."},"content":{"rendered":"\n<h2 class=\"wp-block-heading\">El Canciller manifest\u00f3 &#8220;la necesidad inmediata e incondicional de liberaci\u00f3n de los rehenes argentinos en Gaza&#8221; en una conversaci\u00f3n telef\u00f3nica con la presidenta del Comit\u00e9 Internacional de la Cruz Roja (CICR,) Mirjana Spoljaric Egger.<\/h2>\n\n\n\n<p>El canciller Santiago Cafiero mantuvo una conversaci\u00f3n telef\u00f3nica con la presidenta del Comit\u00e9 Internacional de la Cruz Roja (CICR,) Mirjana Spoljaric Egger, en la que manifest\u00f3 &#8220;la necesidad inmediata e incondicional de liberaci\u00f3n de los rehenes argentinos en Gaza&#8221; por parte del grupo islamista palestino Hamas, se inform\u00f3 oficialmente.<\/p>\n\n\n\n<p>En la conversaci\u00f3n, Cafiero remarc\u00f3 tambi\u00e9n la &#8220;necesidad urgente de que todas las partes respeten el derecho internacional humanitario y que haya un flujo sin trabas de ayuda humanitaria y de personal&#8221;.<\/p>\n\n\n\n<p>&#8220;Todas las partes deben respetar el derecho internacional humanitario y que haya un flujo sin trabas de ayuda humanitaria y de personal(S)Santiago Cafiero(A)(FW). En un comunicado de prensa, se inform\u00f3 que el canciller confirm\u00f3 que el env\u00edo de ayuda humanitaria de Argentina arribar\u00e1 a Egipto el pr\u00f3ximo martes con diferentes suministros provistos por la Canciller\u00eda, junto a los Ministerios de Salud y Desarrollo Social de la Naci\u00f3n.<\/p>\n\n\n\n<p>Tambi\u00e9n viajar\u00e1 un grupo de especialistas en log\u00edstica del cuerpo de Cascos Blancos, se precis\u00f3 en el comunicado. El conflicto entre Israel y Hamas recrudeci\u00f3 el 7 de octubre \u00faltimo, cuando milicianos se infiltraron en su territorio desde Gaza y mataron a m\u00e1s de 1.400 personas, en su mayor\u00eda civiles.<\/p>\n\n\n\n<p>Adem\u00e1s de esa matanza, el grupo islamista tom\u00f3 como rehenes y se llev\u00f3 a Gaza a unas 240 personas, entre ellas una veintena de nacionalidad argentina. Desde entonces, Israel respondi\u00f3 con bombardeos y una incursi\u00f3n terrestre que ya dej\u00f3, seg\u00fan el Gobierno a cargo de Hamas, al menos 9.061 palestinos muertos.<\/p>\n","protected":false},"excerpt":{"rendered":"<p>El Canciller manifest\u00f3 &#8220;la necesidad inmediata e incondicional de liberaci\u00f3n de los rehenes argentinos en Gaza&#8221; en una conversaci\u00f3n telef\u00f3nica con la presidenta del Comit\u00e9 Internacional de la Cruz Roja&hellip; <\/p>\n","protected":false},"author":6,"featured_media":99514,"comment_status":"closed","ping_status":"open","sticky":false,"template":"","format":"standard","meta":{"footnotes":""},"categories":[11],"tags":[],"class_list":["post-99508","post","type-post","status-publish","format-standard","has-post-thumbnail","hentry","category-internacionales"],"_links":{"self":[{"href":"https:\/\/corrientesdetarde.com\/index.php\/wp-json\/wp\/v2\/posts\/99508","targetHints":{"allow":["GET"]}}],"collection":[{"href":"https:\/\/corrientesdetarde.com\/index.php\/wp-json\/wp\/v2\/posts"}],"about":[{"href":"https:\/\/corrientesdetarde.com\/index.php\/wp-json\/wp\/v2\/types\/post"}],"author":[{"embeddable":true,"href":"https:\/\/corrientesdetarde.com\/index.php\/wp-json\/wp\/v2\/users\/6"}],"replies":[{"embeddable":true,"href":"https:\/\/corrientesdetarde.com\/index.php\/wp-json\/wp\/v2\/comments?post=99508"}],"version-history":[{"count":1,"href":"https:\/\/corrientesdetarde.com\/index.php\/wp-json\/wp\/v2\/posts\/99508\/revisions"}],"predecessor-version":[{"id":99515,"href":"https:\/\/corrientesdetarde.com\/index.php\/wp-json\/wp\/v2\/posts\/99508\/revisions\/99515"}],"wp:featuredmedia":[{"embeddable":true,"href":"https:\/\/corrientesdetarde.com\/index.php\/wp-json\/wp\/v2\/media\/99514"}],"wp:attachment":[{"href":"https:\/\/corrientesdetarde.com\/index.php\/wp-json\/wp\/v2\/media?parent=99508"}],"wp:term":[{"taxonomy":"category","embeddable":true,"href":"https:\/\/corrientesdetarde.com\/index.php\/wp-json\/wp\/v2\/categories?post=99508"},{"taxonomy":"post_tag","embeddable":true,"href":"https:\/\/corrientesdetarde.com\/index.php\/wp-json\/wp\/v2\/tags?post=99508"}],"curies":[{"name":"wp","href":"https:\/\/api.w.org\/{rel}","templated":true}]}}