{"id":99516,"date":"2023-11-02T20:45:16","date_gmt":"2023-11-02T23:45:16","guid":{"rendered":"https:\/\/corrientesdetarde.com\/?p=99516"},"modified":"2023-11-02T20:45:21","modified_gmt":"2023-11-02T23:45:21","slug":"detuvieron-a-un-hombre-en-santa-cruz-que-tenia-pedido-de-captura-desde-corrientes","status":"publish","type":"post","link":"https:\/\/corrientesdetarde.com\/index.php\/politica\/detuvieron-a-un-hombre-en-santa-cruz-que-tenia-pedido-de-captura-desde-corrientes\/","title":{"rendered":"Detuvieron a un hombre en Santa Cruz que ten\u00eda pedido de captura desde Corrientes."},"content":{"rendered":"\n<h2 class=\"wp-block-heading\">El sujeto era buscado en Corrientes por el delito de privaci\u00f3n ileg\u00edtima de la libertad agravado por amenazas.<\/h2>\n\n\n\n<p>El pasado jueves 27 de octubre, personal de DDI de Caleta Olivia detuvo a un hombre de 32 a\u00f1os, quien ten\u00eda &nbsp;pedido de captura por parte de la Justicia de la Provincia de Corrientes.<\/p>\n\n\n\n<p>De acuerdo a lo informado por la polic\u00eda, &nbsp;la detenci\u00f3n fue producto de varias jornadas de vigilancia y colecta de informaci\u00f3n, como as\u00ed evaluaci\u00f3n de los datos obtenidos y los aportes de testigos.<\/p>\n\n\n\n<p>El hombre fue alojado en comisar\u00eda local a disposici\u00f3n del Juzgado Nro. 4 de la Provincia de Corrientes.<\/p>\n","protected":false},"excerpt":{"rendered":"<p>El sujeto era buscado en Corrientes por el delito de privaci\u00f3n ileg\u00edtima de la libertad agravado por amenazas. El pasado jueves 27 de octubre, personal de DDI de Caleta Olivia&hellip; <\/p>\n","protected":false},"author":6,"featured_media":99523,"comment_status":"closed","ping_status":"open","sticky":false,"template":"","format":"standard","meta":{"footnotes":""},"categories":[3],"tags":[],"class_list":["post-99516","post","type-post","status-publish","format-standard","has-post-thumbnail","hentry","category-politica"],"_links":{"self":[{"href":"https:\/\/corrientesdetarde.com\/index.php\/wp-json\/wp\/v2\/posts\/99516","targetHints":{"allow":["GET"]}}],"collection":[{"href":"https:\/\/corrientesdetarde.com\/index.php\/wp-json\/wp\/v2\/posts"}],"about":[{"href":"https:\/\/corrientesdetarde.com\/index.php\/wp-json\/wp\/v2\/types\/post"}],"author":[{"embeddable":true,"href":"https:\/\/corrientesdetarde.com\/index.php\/wp-json\/wp\/v2\/users\/6"}],"replies":[{"embeddable":true,"href":"https:\/\/corrientesdetarde.com\/index.php\/wp-json\/wp\/v2\/comments?post=99516"}],"version-history":[{"count":1,"href":"https:\/\/corrientesdetarde.com\/index.php\/wp-json\/wp\/v2\/posts\/99516\/revisions"}],"predecessor-version":[{"id":99524,"href":"https:\/\/corrientesdetarde.com\/index.php\/wp-json\/wp\/v2\/posts\/99516\/revisions\/99524"}],"wp:featuredmedia":[{"embeddable":true,"href":"https:\/\/corrientesdetarde.com\/index.php\/wp-json\/wp\/v2\/media\/99523"}],"wp:attachment":[{"href":"https:\/\/corrientesdetarde.com\/index.php\/wp-json\/wp\/v2\/media?parent=99516"}],"wp:term":[{"taxonomy":"category","embeddable":true,"href":"https:\/\/corrientesdetarde.com\/index.php\/wp-json\/wp\/v2\/categories?post=99516"},{"taxonomy":"post_tag","embeddable":true,"href":"https:\/\/corrientesdetarde.com\/index.php\/wp-json\/wp\/v2\/tags?post=99516"}],"curies":[{"name":"wp","href":"https:\/\/api.w.org\/{rel}","templated":true}]}}