{"id":99517,"date":"2023-11-02T20:43:33","date_gmt":"2023-11-02T23:43:33","guid":{"rendered":"https:\/\/corrientesdetarde.com\/?p=99517"},"modified":"2023-11-02T20:43:45","modified_gmt":"2023-11-02T23:43:45","slug":"massa-afirmo-que-de-ser-electo-buscara-darles-una-jubilacion-digna-a-las-victimas-de-las-afjp","status":"publish","type":"post","link":"https:\/\/corrientesdetarde.com\/index.php\/politica\/massa-afirmo-que-de-ser-electo-buscara-darles-una-jubilacion-digna-a-las-victimas-de-las-afjp\/","title":{"rendered":"Massa afirm\u00f3 que, de ser electo, buscar\u00e1 darles una &#8220;jubilaci\u00f3n digna a las v\u00edctimas de las AFJP&#8221;."},"content":{"rendered":"\n<h2 class=\"wp-block-heading\">&#8220;Si me dan la responsabilidad de gobernar, no quiero que tengan ninguna duda de que jubilados y pensionados van a ser parte de mis prioridades&#8221;, indic\u00f3 Massa en un seminario con jubilados en Mar del Plata, acompa\u00f1ado por Raverta.<\/h2>\n\n\n\n<p>El ministro de Econom\u00eda y candidato presidencial de Uni\u00f3n por la Patria (UP),\u00a0<strong>Sergio Massa,<\/strong>\u00a0anunci\u00f3 este jueves que si es electo Presidente,\u00a0los &#8220;jubilados y pensionados&#8221; van a ser parte de sus &#8220;prioridades&#8221;\u00a0y anticip\u00f3 que, junto a la titular de ANSES, Fernanda Raverta, est\u00e1n &#8220;buscando una soluci\u00f3n&#8221; para &#8220;ir a buscar a los 20 mil jubilados argentinos que cayeron v\u00edctimas del sistema de AFJP&#8221; para\u00a0&#8220;darles el derecho a una jubilaci\u00f3n digna como merecen&#8221;.<\/p>\n\n\n\n<p>&#8220;Si me dan la responsabilidad de gobernar, no quiero que tengan ninguna duda de que jubilados y pensionados van a ser parte de mis prioridades&#8221;, indic\u00f3 Massa en un seminario con jubilados en Mar del Plata, acompa\u00f1ado por Raverta.<\/p>\n\n\n\n<p>En ese sentido, marc\u00f3 que &#8220;estamos aquellos que el 19 de noviembre vamos a defender a nuestros jubilados y aquellos que, como los miran como un costo de Argentina y lo plantean como un n\u00famero en el Excel, quieren que vuelvan las AFJP. Voy a pelear para que Argentina siga teniendo una seguridad social fuerte&#8221;.<\/p>\n\n\n\n<figure class=\"wp-block-image\"><img decoding=\"async\" src=\"https:\/\/media.ambito.com\/p\/cb0e214712de0907870cd966e631f781\/adjuntos\/239\/imagenes\/041\/093\/0041093889\/730x0\/smart\/massa-jubilados-1jpeg.jpeg\" alt=\"\" title=\"\"\/><\/figure>\n\n\n\n<p>Es el modelo en el que creen (en La Libertad Avanza), es el modelo de ajuste y recorte de derechos para hacer cerrar las cuentas sin importar qui\u00e9n cae en el camino&#8221;, apunt\u00f3 el candidato y se diferenci\u00f3 de su contrincante en el balotaje, el libertario Javier Milei.<\/p>\n\n\n\n<p>Al respecto, el ministro se\u00f1al\u00f3 que junto a Raverta est\u00e1n trabajando &#8220;en una soluci\u00f3n para ir a buscar desde ANSES a los 20 mil argentinos que cayeron v\u00edctimas del sistema de AFJP en su jubilaci\u00f3n&#8221; para &#8220;pasarlos al sistema de ANSES y darles el derecho a una jubilaci\u00f3n digna como merecen&#8221;.&nbsp;<strong>Massa llam\u00f3 a &#8220;defender el sistema de jubilaci\u00f3n solidario y la posibilidad de tener entre generaciones un pacto&#8221;.<\/strong><\/p>\n\n\n\n<p>&#8220;Somos diferentes, yo creo que cada vez que haya un abuelo que necesite de la protecci\u00f3n de la seguridad social en Argentina tenemos que ir a abrazarlo. Y otros plantean que cada uno resuelva como pueda y eso termina con abuelos que dependan de sus hijos y nietos, o peor a\u00fan, que tengan que vender anticipadamente su casa porque (otros sectores) est\u00e1n pensando en el mercado inmobiliario&#8221;, indic\u00f3 al diferenciarse nuevamente de las propuestas opositoras.<\/p>\n","protected":false},"excerpt":{"rendered":"<p>&#8220;Si me dan la responsabilidad de gobernar, no quiero que tengan ninguna duda de que jubilados y pensionados van a ser parte de mis prioridades&#8221;, indic\u00f3 Massa en un seminario&hellip; <\/p>\n","protected":false},"author":6,"featured_media":99521,"comment_status":"closed","ping_status":"open","sticky":false,"template":"","format":"standard","meta":{"footnotes":""},"categories":[3],"tags":[],"class_list":["post-99517","post","type-post","status-publish","format-standard","has-post-thumbnail","hentry","category-politica"],"_links":{"self":[{"href":"https:\/\/corrientesdetarde.com\/index.php\/wp-json\/wp\/v2\/posts\/99517","targetHints":{"allow":["GET"]}}],"collection":[{"href":"https:\/\/corrientesdetarde.com\/index.php\/wp-json\/wp\/v2\/posts"}],"about":[{"href":"https:\/\/corrientesdetarde.com\/index.php\/wp-json\/wp\/v2\/types\/post"}],"author":[{"embeddable":true,"href":"https:\/\/corrientesdetarde.com\/index.php\/wp-json\/wp\/v2\/users\/6"}],"replies":[{"embeddable":true,"href":"https:\/\/corrientesdetarde.com\/index.php\/wp-json\/wp\/v2\/comments?post=99517"}],"version-history":[{"count":1,"href":"https:\/\/corrientesdetarde.com\/index.php\/wp-json\/wp\/v2\/posts\/99517\/revisions"}],"predecessor-version":[{"id":99522,"href":"https:\/\/corrientesdetarde.com\/index.php\/wp-json\/wp\/v2\/posts\/99517\/revisions\/99522"}],"wp:featuredmedia":[{"embeddable":true,"href":"https:\/\/corrientesdetarde.com\/index.php\/wp-json\/wp\/v2\/media\/99521"}],"wp:attachment":[{"href":"https:\/\/corrientesdetarde.com\/index.php\/wp-json\/wp\/v2\/media?parent=99517"}],"wp:term":[{"taxonomy":"category","embeddable":true,"href":"https:\/\/corrientesdetarde.com\/index.php\/wp-json\/wp\/v2\/categories?post=99517"},{"taxonomy":"post_tag","embeddable":true,"href":"https:\/\/corrientesdetarde.com\/index.php\/wp-json\/wp\/v2\/tags?post=99517"}],"curies":[{"name":"wp","href":"https:\/\/api.w.org\/{rel}","templated":true}]}}